
{"id":4430,"date":"2020-03-31T13:53:07","date_gmt":"2020-03-31T13:53:07","guid":{"rendered":"https:\/\/justiceandpeace.nl\/?post_type=story&#038;p=4430"},"modified":"2022-12-13T15:53:14","modified_gmt":"2022-12-13T15:53:14","slug":"leonardo","status":"publish","type":"story","link":"https:\/\/justiceandpeace.nl\/en\/stories\/leonardo\/","title":{"rendered":"Leonardo"},"content":{"rendered":"\n<section class=\"o-block-row o-wrapper u-padding-vertical-large o-content split_content alignfull\" id=\"split-content-block_5e83485a1f218\">\n\n  <div class=\"o-layout \">\n\n\n    \n      <div class=\"o-layout__item o-content u-1\/1 u-2\/3@tablet\">\n        \n        <div >\n          <div class=\"section story-intro\">\n<div class=\"section-wrapper\">\n<div class=\"container\">\n<div class=\"column-wrapper column-row fullwidth\">\n<div class=\"column content\">\n<h3 class=\"column-title\"><span style=\"color: #0f78b6;\">The story of Leonardo P\u00e1rraga Guti\u00e9rrez, \u201cartivist\u201d and human rights defender from Bogot\u00e1, Colombia<\/span><\/h3>\n<div class=\"intro\">\n<p><em>Written by: <a href=\"http:\/\/www.vanwerschwrites.com\/\" target=\"_blank\" rel=\"noopener\">Patrick van Wersch<\/a><br \/>\nEdited by: Olivia Ayes\u00a0<\/em><\/p>\n<\/div>\n<\/div>\n<\/div>\n<\/div>\n<\/div>\n<\/div>\n<div class=\"section sectie-titel-3\">\n<div class=\"section-wrapper\">\n<div class=\"container\">\n<div class=\"column-wrapper column-row sidebar-right\">\n<div class=\"column content\">\n<p>He can scribble in his notebook for hours, erasing the sentences that don\u2019t work and replacing them with second, third, or fourth attempts at perfect flow. His poetry is about our connections with infinity, love, philosophy, and nature. This year he might finally publish some of his work instead of just sharing it among friends.<\/p>\n<p>His paintings are a different story. Like his poems they are about relationships, but more abstract\u2014about the interplay between shapes, lines, and colours. They show a different side of the way things seem to naturally go and force the observer to really immerse. One of his works lets people wonder: \u201cAm I looking at a sunset?\u201d No, it\u2019s merely an abstraction of one.<\/p>\n<p><em>L\u2018art pour l\u2019art<\/em>. The young Colombian insists this philosophy is also part of his work as a young but already influential social leader and human rights defender. He\u2019s found a way for art to be a stepping stone for social change\u2014because even small creative acts, like making a painting, will be translated to other places, maybe even your nation\u2019s Congress.<\/p>\n<p>Leonardo P\u00e1rraga Guti\u00e9rrez, 26, from Bogot\u00e1, a self-proclaimed \u201cartist working on social integration,\u201d has learned that when people create\u2014especially when they create together\u2014they become aware, empowered, and more engaged. And when they engage they will demand change.<\/p>\n<\/div>\n<\/div>\n<\/div>\n<\/div>\n<\/div>\n        <\/div>\n\n        \n      <\/div>\n\n    \n    \n      <div class=\"o-layout__item o-content u-1\/1 u-1\/3@tablet\">\n\n        <div >\n          <div id=\"attachment_4433\" style=\"width: 446px\" class=\"wp-caption alignnone\"><img loading=\"lazy\" decoding=\"async\" aria-describedby=\"caption-attachment-4433\" class=\"size-thumbnail wp-image-4433\" src=\"https:\/\/justiceandpeace.youngdigital.tv\/wp-content\/uploads\/2020\/03\/CPBC-wednesday-096-Copy-436x585.jpg\" alt=\"\" width=\"436\" height=\"585\" srcset=\"https:\/\/justiceandpeace.nl\/wp-content\/uploads\/2020\/03\/CPBC-wednesday-096-Copy-436x585.jpg 436w, https:\/\/justiceandpeace.nl\/wp-content\/uploads\/2020\/03\/CPBC-wednesday-096-Copy-895x1200.jpg 895w, https:\/\/justiceandpeace.nl\/wp-content\/uploads\/2020\/03\/CPBC-wednesday-096-Copy-1074x1440.jpg 1074w, https:\/\/justiceandpeace.nl\/wp-content\/uploads\/2020\/03\/CPBC-wednesday-096-Copy-768x1030.jpg 768w, https:\/\/justiceandpeace.nl\/wp-content\/uploads\/2020\/03\/CPBC-wednesday-096-Copy-1146x1536.jpg 1146w, https:\/\/justiceandpeace.nl\/wp-content\/uploads\/2020\/03\/CPBC-wednesday-096-Copy-1528x2048.jpg 1528w, https:\/\/justiceandpeace.nl\/wp-content\/uploads\/2020\/03\/CPBC-wednesday-096-Copy-scaled.jpg 1910w\" sizes=\"auto, (max-width: 436px) 100vw, 436px\" \/><p id=\"caption-attachment-4433\" class=\"wp-caption-text\">Leonardo P\u00e1rraga Guti\u00e9rrez, 26, from Bogot\u00e1, a self-proclaimed \u201cartist working on social integration,\u201d inspired Justice and Peace when we met him in 2018 in The Hague during Hague Talks. Read his inspiring story!<\/p><\/div>\n        <\/div>\n\n        \n      <\/div>\n\n    \n  <\/div>\n\n<\/section>\n\n\n\n<section class=\"o-wrapper u-padding-top content alignwide alignfull\" id=\"content-block_5e8348ad1f219\">\n  <div class=\"o-layout\">\n    <div class=\"o-layout__item o-content u-1\/1 u-2\/3@tablet\">\n\n      <div >\n        \n        <div id=\"attachment_4435\" style=\"width: 760px\" class=\"wp-caption alignnone\"><img loading=\"lazy\" decoding=\"async\" aria-describedby=\"caption-attachment-4435\" class=\"size-thumbnail wp-image-4435\" src=\"https:\/\/justiceandpeace.youngdigital.tv\/wp-content\/uploads\/2020\/03\/CPBC-wednesday-098-Copy-2-750x540.jpg\" alt=\"\" width=\"750\" height=\"540\" srcset=\"https:\/\/justiceandpeace.nl\/wp-content\/uploads\/2020\/03\/CPBC-wednesday-098-Copy-2-750x540.jpg 750w, https:\/\/justiceandpeace.nl\/wp-content\/uploads\/2020\/03\/CPBC-wednesday-098-Copy-2-1200x863.jpg 1200w, https:\/\/justiceandpeace.nl\/wp-content\/uploads\/2020\/03\/CPBC-wednesday-098-Copy-2-1440x1036.jpg 1440w, https:\/\/justiceandpeace.nl\/wp-content\/uploads\/2020\/03\/CPBC-wednesday-098-Copy-2-768x553.jpg 768w, https:\/\/justiceandpeace.nl\/wp-content\/uploads\/2020\/03\/CPBC-wednesday-098-Copy-2-1536x1105.jpg 1536w, https:\/\/justiceandpeace.nl\/wp-content\/uploads\/2020\/03\/CPBC-wednesday-098-Copy-2-2048x1474.jpg 2048w\" sizes=\"auto, (max-width: 750px) 100vw, 750px\" \/><p id=\"caption-attachment-4435\" class=\"wp-caption-text\">Peace Building Conversations<\/p><\/div>\n<h3>We are the \u201cFucha\u201d<\/h3>\n<p>One campaign that Leonardo says translated art into activism was the 2017 Arts Biennale in San Crist\u00f3bal district in Bogot\u00e1. His foundation BogotArt worked in partnership with local communities and organisations, such as the Colectiva Huertop\u00eda and Colectivo Arto Arte, to <a href=\"http:\/\/www.worldurbancampaign.org\/fundaci%C3%B3n-bogotart-barrios-vivos-fucha-libre-vibrant-neighborhoods-free-fucha-0\" target=\"_blank\" rel=\"noopener\"><u>ward off the possibility of people being displaced<\/u><\/a>\u00a0because of planned urban development projects.<\/p>\n<p>The campaign allowed residents to co-create different artworks, including murals, songs, and art made from recycled materials. One mural reads in big bright letters: \u201cWe are the Fucha,\u201d referencing the river R\u00edo Fucha where, besides The Biennale, several campaigns were done, including the festival \u201cEl Cecilazo,\u201d and \u201cBarrios Vivos, Fucha Libre.\u201d Another drawing pointedly shows an excavator clearing away trees and bushes where high rise buildings would soon be erected. Leonardo says these joint projects put the message out there that this territory is inhabited by people that are united, organised, and clear on the kind of community they want to be.<\/p>\n<img loading=\"lazy\" decoding=\"async\" class=\"alignnone size-thumbnail wp-image-4437\" src=\"https:\/\/justiceandpeace.youngdigital.tv\/wp-content\/uploads\/2020\/03\/220A0178-750x500.jpg\" alt=\"\" width=\"750\" height=\"500\" srcset=\"https:\/\/justiceandpeace.nl\/wp-content\/uploads\/2020\/03\/220A0178-750x500.jpg 750w, https:\/\/justiceandpeace.nl\/wp-content\/uploads\/2020\/03\/220A0178-1200x800.jpg 1200w, https:\/\/justiceandpeace.nl\/wp-content\/uploads\/2020\/03\/220A0178-1440x960.jpg 1440w, https:\/\/justiceandpeace.nl\/wp-content\/uploads\/2020\/03\/220A0178-768x512.jpg 768w, https:\/\/justiceandpeace.nl\/wp-content\/uploads\/2020\/03\/220A0178-1536x1024.jpg 1536w, https:\/\/justiceandpeace.nl\/wp-content\/uploads\/2020\/03\/220A0178-2048x1365.jpg 2048w\" sizes=\"auto, (max-width: 750px) 100vw, 750px\" \/>\n<p>Buoyed by the local support, the San Crist\u00f3bal residents went to Congress where organisations from their district presented their perspectives on the building initiatives. They were heard by the government entities involved and, in the end, were able to buy more time. Two years later, not a single building project has been realised.<\/p>\n<img loading=\"lazy\" decoding=\"async\" class=\"alignnone size-thumbnail wp-image-4439\" src=\"https:\/\/justiceandpeace.youngdigital.tv\/wp-content\/uploads\/2020\/03\/20617169_1576773655733198_1583704945213903069_o-750x500.jpg\" alt=\"\" width=\"750\" height=\"500\" srcset=\"https:\/\/justiceandpeace.nl\/wp-content\/uploads\/2020\/03\/20617169_1576773655733198_1583704945213903069_o-750x500.jpg 750w, https:\/\/justiceandpeace.nl\/wp-content\/uploads\/2020\/03\/20617169_1576773655733198_1583704945213903069_o-1200x800.jpg 1200w, https:\/\/justiceandpeace.nl\/wp-content\/uploads\/2020\/03\/20617169_1576773655733198_1583704945213903069_o-1440x960.jpg 1440w, https:\/\/justiceandpeace.nl\/wp-content\/uploads\/2020\/03\/20617169_1576773655733198_1583704945213903069_o-768x512.jpg 768w, https:\/\/justiceandpeace.nl\/wp-content\/uploads\/2020\/03\/20617169_1576773655733198_1583704945213903069_o-1536x1024.jpg 1536w, https:\/\/justiceandpeace.nl\/wp-content\/uploads\/2020\/03\/20617169_1576773655733198_1583704945213903069_o.jpg 2048w\" sizes=\"auto, (max-width: 750px) 100vw, 750px\" \/>\n<p>\u201cThey don\u2019t want anything imposed on them,\u201d Leonardo sums up the general mood among the San Crist\u00f3bal communities. The seven neighbourhoods still organise events, such as classroom talks about environmental protection, concerts, and movie projections. \u201cThe impact of art at the community level, when done with intention, is that it integrates people,\u201d says the BogotArt director with a clarity and purpose uncommon for most twenty-six-year-olds. \u201cAnd it\u2019s an impact that can last,\u201d he adds.<\/p>\n\n        \n      <\/div>\n    <\/div>\n  <\/div>\n<\/section>\n\n\n\n<section class=\"o-wrapper u-padding-vertical link alignwide alignfull\" id=\"image-gridblock_5e83496e1f21a\">\n      <div class=\"c-image-grid\">\n              <div class=\"c-image-grid__item\">\n          <div class=\"o-ratio o-ratio--4:3\">\n            <img decoding=\"async\" src=\"https:\/\/justiceandpeace.nl\/wp-content\/uploads\/2020\/03\/20689591_1580368702040360_2645667880315185614_o.jpg\" class=\"c-image-grid__image o-ratio__content\">\n          <\/div>\n        <\/div>\n              <div class=\"c-image-grid__item\">\n          <div class=\"o-ratio o-ratio--4:3\">\n            <img decoding=\"async\" src=\"https:\/\/justiceandpeace.nl\/wp-content\/uploads\/2020\/03\/20627082_1580369248706972_8400602820229074124_o.jpg\" class=\"c-image-grid__image o-ratio__content\">\n          <\/div>\n        <\/div>\n          <\/div>\n  <\/section>\n\n\n\n<section class=\"o-wrapper u-padding-top content alignwide alignfull\" id=\"content-block_5e8349901f21b\">\n  <div class=\"o-layout\">\n    <div class=\"o-layout__item o-content u-1\/1 u-2\/3@tablet\">\n\n      <div >\n        \n        <h3>Art as the great equaliser<\/h3>\n<p>The seed that grew into BogotArt sprouted from Leonardo\u2019s brain back in 2012. The then 20-year-old realised he didn\u2019t know his city very well. When a friend from Denmark visiting Bogot\u00e1 invited him to go on a hike to watch a waterfall he didn\u2019t know existed, he was happy to tag along. As they walked they passed by different murals depicting some of the species living on the mountain and scenes about taking care of nature. He found that those messages were reflected in the way people cared for this place. One man in particular made a lasting impression on Leonardo: <a href=\"https:\/\/www.youtube.com\/watch?v=hnMR4A4Yv78\" target=\"_blank\" rel=\"noopener\"><u>Don Benedicto Galindo<\/u><\/a>.<\/p>\n<div class=\"o-video-container\"><iframe loading=\"lazy\" title=\"Bosque Caldero\u0301n: Quebrada Las Delicias\" width=\"1200\" height=\"675\" src=\"https:\/\/www.youtube.com\/embed\/IGUZ2TNLVUc?feature=oembed\" frameborder=\"0\" allow=\"accelerometer; autoplay; encrypted-media; gyroscope; picture-in-picture\" allowfullscreen><\/iframe><\/div>\n<p>Galindo, with the support of many (international) organisations and community members, had helped transform the area called \u201c<u><a href=\"https:\/\/www.youtube.com\/watch?v=pIJgyZ71-FE\" target=\"_blank\" rel=\"noopener\">Quebrada Las Delicias<\/a>\u201d<\/u>\u00a0from a giant garbage deposit where the majority of people lived in uncertainty, often homeless, into an eco-nature reserve that has uplifted the community. The trash made way for an informative ecological path to the top of the mountain. Quebrada Las Delicias has become a favourite escape for city dwellers and tourists alike. Unfortunately, as Leonardo candidly points out, lack of proper control by the authorities is causing the area to slowly deteriorate again.<\/p>\n<p>Nevertheless, the hike with his Danish friend showed Leonardo that no community is beyond salvaging. He learned that when people organise around a common purpose\u2014in this case the wellbeing of their environment and future generations\u2014they can use sustainable and creative means to express a sense of belonging. The experience inspired the young Colombian to leave his corporate aspirations behind and focus full time on social change. The <a href=\"https:\/\/www.bogotart.org\/\" target=\"_blank\" rel=\"noopener\"><u>BogotArt Foundation<\/u><\/a>\u00a0saw the light in 2013. Its mission: To promote a more democratic art and cultural scene in the city of Bogot\u00e1.<\/p>\n<p>\u201cArt can have larger social effects,\u201d says the activist-artist, or \u201cartivist\u201d as it is more popularly known, with a matter-of-fact yet idealistic tone. \u201cArtistic expression is a great equaliser. Everyone plays in the same field without categories of partisanship. This is what makes art so vital to the peace process. Art is a way of creating dialogue, providing a common ground, and a place of exchange where people can get to know each other from a position of empathy.\u201d<\/p>\n<img loading=\"lazy\" decoding=\"async\" class=\"alignnone size-thumbnail wp-image-4446\" src=\"https:\/\/justiceandpeace.youngdigital.tv\/wp-content\/uploads\/2020\/03\/220A0372-750x500.jpg\" alt=\"\" width=\"750\" height=\"500\" srcset=\"https:\/\/justiceandpeace.nl\/wp-content\/uploads\/2020\/03\/220A0372-750x500.jpg 750w, https:\/\/justiceandpeace.nl\/wp-content\/uploads\/2020\/03\/220A0372-1200x800.jpg 1200w, https:\/\/justiceandpeace.nl\/wp-content\/uploads\/2020\/03\/220A0372-1440x960.jpg 1440w, https:\/\/justiceandpeace.nl\/wp-content\/uploads\/2020\/03\/220A0372-768x512.jpg 768w, https:\/\/justiceandpeace.nl\/wp-content\/uploads\/2020\/03\/220A0372-1536x1024.jpg 1536w, https:\/\/justiceandpeace.nl\/wp-content\/uploads\/2020\/03\/220A0372-2048x1365.jpg 2048w\" sizes=\"auto, (max-width: 750px) 100vw, 750px\" \/>\n<h3>Hard and heart-breaking<\/h3>\n<p>In a country whose international news headlines for decades were dominated by bombings, drug crime, and poverty, empathy seems to be a currency in high demand but low in supply. And although in 2016 a historic peace agreement was signed between the government and the Revolutionary Armed Forces of Colombia (Farc), research shows that human rights violations have actually increased since.<\/p>\n<p>In 2018, research and advocacy organisation WOLA registered at least <a href=\"https:\/\/www.wola.org\/2018\/12\/december-update-least-120-activists-killed-colombia-far-year\/\" target=\"_blank\" rel=\"noopener\"><u>120 assassinations<\/u>\u00a0<\/a>of human rights leaders or members of vulnerable ethnic communities. The OHCHR documented the killings of at least 105 prominent activists from 2017 to 2018 (read this Human Rights Watch report on <a href=\"https:\/\/www.hrw.org\/world-report\/2019\/country-chapters\/colombia&gt;\u201c&gt;&lt;u&gt;events in Colombia in 2018&lt;\/u&gt;&lt;\/a&gt;).\u00a0 Human Rights Watch and others have raised concerns about &lt;a href=\" target=\"_blank\" rel=\"noopener\"><u>dissidents joining<\/u> <u>new armed groups<\/u><\/a>\u00a0amidst uncertainty over the implementation of the peace agreement. Amnesty International has <a href=\"https:\/\/www.amnesty.org\/en\/latest\/news\/2018\/12\/stop-the-killing-of-human-rights-defenders\/\" target=\"_blank\" rel=\"noopener\"><u>sounded the alarm<\/u><\/a>\u00a0calling for an end to the killing of human rights defenders in Colombia. The global human rights movement reported that \u201csince President Iv\u00e1n Duque took office, the number of reports of threats and attacks that these defenders report to our organisation has increased exponentially.\u201d Duque was elected in June 2018 on a campaign promise to rewrite the peace deal.<\/p>\n<p>In early 2017, the violence hit close to home for Leonardo when his childhood friend Albeiro Garibello, a policeman, was <u><a href=\"https:\/\/www.efe.com\/efe\/english\/world\/eln-rebels-claim-responsibility-for-bogota-bomb-attack-that-killed-cop\/50000262-3192154\" target=\"_blank\" rel=\"noopener\">killed in a car bomb attack<\/a>.<\/u>\u00a0He says his friend\u2019s passion was \u201cto improve safety and security for everyone,\u201d and he considers him a human rights defender because of it. \u201cAn estimated 295 human rights leaders have lost their lives since the peace agreement,\u201d says Leonardo. \u201cMy friend was one of them. This has to stop.\u201d<\/p>\n<p>Just days before the interview with Leonardo a car bomb went off outside a school for police cadets in Bogot\u00e1 killing at least twenty people, adding yet another chapter to the series of guerrilla-like attacks that have come to be associated with Colombia for more than fifty years, further destabilising already diminishing efforts to implement the peace agreement in full.<\/p>\n<p>The change maker from Bogot\u00e1 finds the situation \u201chard and heart-breaking,\u201d and feels the government fails to take sufficient steps to protect social leaders. Using words to paint a bleak picture he says: \u201cIn Colombia today, if you are part of a community in a remote area fighting to reclaim your land or advocating for your rights, chances are you will be threatened or even killed. The commission tasked with protecting you does not take your threats seriously. You think this must mean that being a human rights defender means putting your life at risk. It\u2019s discouraging.\u201d<\/p>\n<blockquote><p><em>\u201cThe impact of art at the community level, when done with intention, is that it integrates people,\u201d says the BogotArt director. \u201cAnd it\u2019s an impact that can last,\u201d<\/em><\/p><\/blockquote>\n<p>It\u2019s a sobering portrayal of a country that had to wait more than half a century for a meaningful peace deal\u2014one that was initially voted down in a people\u2019s\u2019 referendum, albeit with a tiny margin. The \u201cno\u201d voters held that the agreement was too lenient towards ex-Farc members, calling the deal a \u201creward for criminal behaviour.\u201d One and a half months later, President Juan Manuel Santos pushed through a revised agreement.<\/p>\n<p>During all of that, Leonardo campaigned for peace. He joined Paz a la Calle, a citizens\u2019 assembly that discussed next steps in getting the peace agreement\u2014current or new\u2014implemented. With another group, Campamento por la Paz, he camped out on Bogot\u00e1\u2019s main square to demand a bilateral ceasefire and a new peace agreement. Leonardo helped coordinate the <a href=\"https:\/\/www.theguardian.com\/world\/2016\/oct\/12\/colombia-war-art-project-bogota-doris-salcedo\" target=\"_blank\" rel=\"noopener\"><u>art intervention of Doris Salcedo<\/u><\/a>\u00a0in Bol\u00edvar square which consisted of a massive white shroud with the names of war victims. The intervention was controversial and Leonardo thinks their message was somewhat drowned out because of it. Looking back, he\u2019s sure that both groups he campaigned with shaped the agenda in the media and put pressure on the government to reach a peace deal.<\/p>\n<h3>Gradual transition to empathy<\/h3>\n<p>There is a calm determination to the way Leonardo speaks about his projects and passions. He\u2019s eloquent and uses that skill to probe and elevate the human experience when he talks. In a place as polarised as Colombia, it\u2019s easy to lose sight of who we are as people. Leonardo wants us to rediscover our humanity, talk to each other, cut through the noise of media and politics, and create a better world, together.<\/p>\n<p>But getting to the place he\u2019s in has been a long process. Growing up in Bogot\u00e1 city with his parents and three older siblings\u2014a sister, brother, and half-brother\u2014it was hard for Leonardo to connect with other people. He says he lacked empathy, even describes himself as \u201ca little emotionless,\u201d and \u201cin the autism spectrum.\u201d Leonardo would rationalise emotions and imitate them as he thought they should be. \u201cI didn\u2019t really feel like I was fully being myself,\u201d he says about that period in his life.<\/p>\n<img loading=\"lazy\" decoding=\"async\" class=\"alignnone size-thumbnail wp-image-4448\" src=\"https:\/\/justiceandpeace.youngdigital.tv\/wp-content\/uploads\/2020\/03\/leo-parraga-750x464.jpg\" alt=\"\" width=\"750\" height=\"464\" srcset=\"https:\/\/justiceandpeace.nl\/wp-content\/uploads\/2020\/03\/leo-parraga-750x464.jpg 750w, https:\/\/justiceandpeace.nl\/wp-content\/uploads\/2020\/03\/leo-parraga-768x475.jpg 768w, https:\/\/justiceandpeace.nl\/wp-content\/uploads\/2020\/03\/leo-parraga.jpg 970w\" sizes=\"auto, (max-width: 750px) 100vw, 750px\" \/>\n<p>A gradual transition ensued when the young Colombian visited a small Afro-Colombian island community in the Pacific Ocean. The trip was part of his bachelor\u2019s in Business\u2019 graduation project at the Universidad de Los Andes. Talking to the members of the community, trying to impart some wisdom on being more business-minded, Leonardo saw himself reflected in them. \u201cI always felt like an outsider, much like these Afro-Colombians who are routinely\u2014and sometimes violently\u2014 reminded that they are not part of the \u2018mainstream\u2019 in Colombia. But I noticed on this island that their identity was immersed in their natural surroundings. Witnessing this strong bond, I decided I too would play a role in my environment, and connect to the people around me.\u201d<\/p>\n<p>Leonardo made friends that shared some of his views on taking community-based action to further social integration. With one of them, Cristian Palacios, he went on to do something that caught the attention of the world.<\/p>\n<h3>Say it in a letter<\/h3>\n<img loading=\"lazy\" decoding=\"async\" class=\"alignnone size-thumbnail wp-image-4450\" src=\"https:\/\/justiceandpeace.youngdigital.tv\/wp-content\/uploads\/2020\/03\/Slide-1-750x422.jpg\" alt=\"\" width=\"750\" height=\"422\" srcset=\"https:\/\/justiceandpeace.nl\/wp-content\/uploads\/2020\/03\/Slide-1-750x422.jpg 750w, https:\/\/justiceandpeace.nl\/wp-content\/uploads\/2020\/03\/Slide-1-1200x675.jpg 1200w, https:\/\/justiceandpeace.nl\/wp-content\/uploads\/2020\/03\/Slide-1-1440x810.jpg 1440w, https:\/\/justiceandpeace.nl\/wp-content\/uploads\/2020\/03\/Slide-1-768x432.jpg 768w, https:\/\/justiceandpeace.nl\/wp-content\/uploads\/2020\/03\/Slide-1-1536x864.jpg 1536w, https:\/\/justiceandpeace.nl\/wp-content\/uploads\/2020\/03\/Slide-1-2048x1152.jpg 2048w\" sizes=\"auto, (max-width: 750px) 100vw, 750px\" \/>\n<p>Letter writing seems quaint in an era of WhatsApp, Facebook Messenger, and email. But seeing the handwritten letters inked on the sheet in your hands, imagining the sender at some point was holding the same piece of paper and weighing which words to entrust to it, you cannot help but feel a deep connection to the writer and his or her message.<\/p>\n<p>In February 2017, Bogot\u00e1 hosted the World Summit of Nobel Peace Laureates. Leonardo attended and got a chance to meet and talk with 2014 Nobel Peace Laureate, Kailash Satyarthi. Referencing Valentine\u2019s Day, less than two weeks away, Satyarthi wondered aloud why we rarely send letters to those who don\u2019t receive a lot of love. In his thought experiment, refugees from the Middle East living in Europe were the letters\u2019 would-be recipients. But Leonardo was <a href=\"http:\/\/www.nobelpeacesummit.com\/an-inspiring-social-initiative-from-the-youth-delegate-of-the-world-summit-of-nobel-peace-laureates\/\" target=\"_blank\" rel=\"noopener\"><u>quick to recognise the value and applicability of the idea for his country<\/u><\/a>.<\/p>\n<p>Leonardo talked it over with his friend Cristian. Together they founded the campaign Cartas por la Reconciliaci\u00f3n, a project where members of civil society write letters to ex-Farc combatants, and vice versa, with the aim to ease the former rebels\u2019 <a href=\"https:\/\/www.aljazeera.com\/news\/2018\/03\/farc-rebels-leaving-reintegration-camps-180327141706796.html\" target=\"_blank\" rel=\"noopener\"><u>reintegration into society<\/u><\/a>.<\/p>\n<p>At its peak, a hundred people worked on the campaign, including Leonardo, his BogotArt colleagues, Yuliana P\u00e9rez\u2014who provided a lot of support in the early stages of the campaign\u2014and dozens of volunteers, mostly students. Once letters were exchanged, a group of letter writers would travel from the city to the remote encampments\u2014also known as \u201creintegration camps\u201d\u2014to talk face-to-face with the former rebels. \u201cWe\u2019ve had war in Colombia for more than fifty years because we failed to understand each other,\u201d says Leonardo. \u201cWith this campaign, we felt strongly that there should be spaces for direct communication with ex-Farc members so that people can come to their own conclusions.\u201d<\/p>\n<h3>Rebel perspectives on social justice<\/h3>\n<p>In the past two years, Leonardo has been exposed to hundreds of heart-felt stories. He recalls a letter sent by a girl whose whole family was assassinated in the <a href=\"http:\/\/edition.cnn.com\/2000\/WORLD\/americas\/11\/24\/colombia.killing.reut\/\" target=\"_blank\" rel=\"noopener\"><u>Santander de Quilicha<\/u><u>o massacre<\/u><\/a>. Writing the letter helped her get rid of her anger and hate. \u201cIt\u2019s not the past that defines me, but it\u2019s the future that we can create together,\u201d Leonardo remembers her saying in the letter. There\u2019s also his memory of a former Farc rebel sitting next to a rocket launcher, crying as he reads a letter from someone in the city he\u2019s never met before.<\/p>\n<img loading=\"lazy\" decoding=\"async\" class=\"alignnone size-thumbnail wp-image-4452\" src=\"https:\/\/justiceandpeace.youngdigital.tv\/wp-content\/uploads\/2020\/03\/Slide-3-750x422.jpg\" alt=\"\" width=\"750\" height=\"422\" srcset=\"https:\/\/justiceandpeace.nl\/wp-content\/uploads\/2020\/03\/Slide-3-750x422.jpg 750w, https:\/\/justiceandpeace.nl\/wp-content\/uploads\/2020\/03\/Slide-3-1200x675.jpg 1200w, https:\/\/justiceandpeace.nl\/wp-content\/uploads\/2020\/03\/Slide-3-1440x810.jpg 1440w, https:\/\/justiceandpeace.nl\/wp-content\/uploads\/2020\/03\/Slide-3-768x432.jpg 768w, https:\/\/justiceandpeace.nl\/wp-content\/uploads\/2020\/03\/Slide-3-1536x864.jpg 1536w, https:\/\/justiceandpeace.nl\/wp-content\/uploads\/2020\/03\/Slide-3-2048x1152.jpg 2048w\" sizes=\"auto, (max-width: 750px) 100vw, 750px\" \/>\n<p>One time, when Leonardo was visiting an encampment, he met an ex-Farc combatant named Vladimir who shared his life story with him. At 12 years\u2019 old, Vladimir says his family was killed by government soldiers. As he got older he set out to achieve social justice for his rural community and he tried to raise his concerns and ideas with local government leaders. He felt ignored and got tired of not seeing any change. When Farc came knocking on his door he accepted their offer to join them. If nothing else, at least now he would be able to avenge the death of this family.<\/p>\n<p>Vladimir\u2019s ideals of a more just society were not radically different from Leonardo\u2019s, the young human rights leader realised when they talked. The main difference, of course, was that the former Farc rebel used weapons to pursue his vision.<\/p>\n<img loading=\"lazy\" decoding=\"async\" class=\"alignnone size-thumbnail wp-image-4431\" src=\"https:\/\/justiceandpeace.youngdigital.tv\/wp-content\/uploads\/2020\/03\/Slide-6-750x422.jpg\" alt=\"\" width=\"750\" height=\"422\" srcset=\"https:\/\/justiceandpeace.nl\/wp-content\/uploads\/2020\/03\/Slide-6-750x422.jpg 750w, https:\/\/justiceandpeace.nl\/wp-content\/uploads\/2020\/03\/Slide-6-1200x675.jpg 1200w, https:\/\/justiceandpeace.nl\/wp-content\/uploads\/2020\/03\/Slide-6-1440x810.jpg 1440w, https:\/\/justiceandpeace.nl\/wp-content\/uploads\/2020\/03\/Slide-6-768x432.jpg 768w, https:\/\/justiceandpeace.nl\/wp-content\/uploads\/2020\/03\/Slide-6-1536x864.jpg 1536w, https:\/\/justiceandpeace.nl\/wp-content\/uploads\/2020\/03\/Slide-6-2048x1152.jpg 2048w\" sizes=\"auto, (max-width: 750px) 100vw, 750px\" \/>\n<p>\u201cNone of the ex-combatants I met came across as radical,\u201d says Leonardo. \u201cMost of the stories I heard were about people wanting to take the pursuit of change into their own hands. Often they were those most affected by inequality, such as Afro-Colombians, and indigenous peoples. I don\u2019t condone violence, but through my visits to the camps I\u2019ve become more aware of the \u2018person\u2019 behind the \u2018rebel.\u2019 In some cases, out of desperation and frustration they chose a life of exile to fight against injustice. In other cases, where, for example, they live in remote areas but wanted to become doctors, their best shot might have been to learn this in a rebel group, giving the lack of study opportunities. What matters now is making sure these former rebels are given a fair shot at becoming citizens of this country again.\u201d<\/p>\n<blockquote><p>\u201cI always felt like an outsider, much like these Afro-Colombians who are routinely\u2014and sometimes violently\u2014 reminded that they are not part of the \u2018mainstream\u2019 in Colombia. But I noticed [\u2026] that their identity was immersed in their natural surroundings. Witnessing this strong bond, I decided I too would play a role in my environment, and connect to the people around me.\u201d<\/p><\/blockquote>\n<p>Most ex-combatants are still in the reintegration camps, also known as \u201cdisarmament camps,\u201d located in rural zones that are monitored by the United Nations. The peace deal called for salaries for the former guerrillas for a period of two years, but so far the Duque administration has been providing <u><a href=\"https:\/\/www.brookings.edu\/blog\/order-from-chaos\/2018\/07\/24\/death-by-bad-implementation-the-duque-administration-and-colombias-peace-deals\/\" target=\"_blank\" rel=\"noopener\">only a monthly stipend of $220<\/a>\u00a0<\/u>\u2014set to expire in August this year. Leonardo has seen that the accommodation and facilities in the camps are substandard to say the least, another inconsistency with key promises made to rural areas in the peace agreement. Observers have noted there\u2019s also a <a href=\"https:\/\/www.brookings.edu\/blog\/order-from-chaos\/2018\/07\/24\/death-by-bad-implementation-the-duque-administration-and-colombias-peace-deals\/\" target=\"_blank\" rel=\"noopener\">l<u>ack of literacy and vocational training<\/u><\/a>, and the camp dwellers don\u2019t own land to use for farming. As a result, some former Farc rebels have left for the city. Others stay put and try to be self-sustainable to make ends meet. There\u2019s a reintegration camp in Pondores, in northeast Colombia that has opened its doors to tourists, offering them a recreated taste of <a href=\"https:\/\/www.pri.org\/stories\/2018-11-28\/former-farc-fighters-turn-camp-tourist-attraction\" target=\"_blank\" rel=\"noopener\"><u>guerrilla life before the peace treaty<\/u><\/a>.<\/p>\n<p>The team behind Cartas por la Reconciliaci\u00f3n has been in contact with the Verification Mission of the U.N. in Colombia\u2014in charge of implementing the peace agreement\u2014about expanding their campaign. Leonardo is positive that their support could help build more bridges between citizens and ex-combatants by allowing more city dwellers to visit the encampments and engage in dialogues with the ex-Farc members living there.<\/p>\n<div class=\"o-video-container\"><iframe loading=\"lazy\" title=\"Reconciliation Letters\" width=\"1200\" height=\"675\" src=\"https:\/\/www.youtube.com\/embed\/rRmc6VfDt0Y?feature=oembed\" frameborder=\"0\" allow=\"accelerometer; autoplay; encrypted-media; gyroscope; picture-in-picture\" allowfullscreen><\/iframe><\/div>\n<h3>Without youth no peace<\/h3>\n<p>The Cartas por la Reconciliaci\u00f3n campaign put Leonardo and his foundation BogotArt on the map in the international human rights community. It earned him the 2018 Youth Carnegie Peace Prize, among other accolades. Leonardo is also a prominent member of several influential youth networks, including Global Shapers, the European Development Days Young Leaders, the UNAOC-EF Summer School Alumni, and the Laureate Global Fellows.<\/p>\n<p>It\u2019s fair to say that Leonardo has truly become a citizen of the world. And being fluent in multiple languages, including Spanish, French, German, English, and Portuguese\u2014some of which he picked up during scholarship programs abroad, including a Master\u2019s at Harvard in International Education Policy which he only just completed\u2014he can comfortably and confidently sit at most discussion and negotiation tables.<\/p>\n<p>Getting more young people to sit at peace negotiation tables worldwide is a strong driving force for Leonardo. He wants them to be perceived not just as victims or war makers, but as peace builders. It\u2019s a personal passion, but it\u2019s more than that; he knows for a fact that there can be no lasting peace, not ever, not anywhere, without a significant representation of youth. \u201cYoung people are the future generation that will experience the consequences of what we decide on today,\u201d Leonardo prophesises with conviction. \u201cWe are key allies for governments and international organisations negotiating peace treaties. We have to be engaged.\u201d<\/p>\n<img loading=\"lazy\" decoding=\"async\" class=\"alignnone size-thumbnail wp-image-4454\" src=\"https:\/\/justiceandpeace.youngdigital.tv\/wp-content\/uploads\/2020\/03\/IMG_8594-750x500.jpg\" alt=\"\" width=\"750\" height=\"500\" srcset=\"https:\/\/justiceandpeace.nl\/wp-content\/uploads\/2020\/03\/IMG_8594-750x500.jpg 750w, https:\/\/justiceandpeace.nl\/wp-content\/uploads\/2020\/03\/IMG_8594-1200x800.jpg 1200w, https:\/\/justiceandpeace.nl\/wp-content\/uploads\/2020\/03\/IMG_8594-1440x960.jpg 1440w, https:\/\/justiceandpeace.nl\/wp-content\/uploads\/2020\/03\/IMG_8594-768x512.jpg 768w, https:\/\/justiceandpeace.nl\/wp-content\/uploads\/2020\/03\/IMG_8594-1536x1024.jpg 1536w, https:\/\/justiceandpeace.nl\/wp-content\/uploads\/2020\/03\/IMG_8594-2048x1365.jpg 2048w\" sizes=\"auto, (max-width: 750px) 100vw, 750px\" \/>\n<p>Further proving his point, Leonardo pulls up a telling statistic: 900 peace agreements have been signed in the past thirty years, all without formal representation of young people in the decision-making process, even though new research shows that <a href=\"http:\/\/unoy.org\/en\/realising-youth-inclusion-in-peace-processes-lessons-from-myanmar-by-irena-grizelj\/\" target=\"_blank\" rel=\"noopener\"><u>broader participation can influence the success of a peace process<\/u><\/a>. He expects that without youth\u2019s input and buy-in, any peace accord drawn up now could be easily torn down later. \u201cWe are the ones who will have to live with the consequences of these peace agreements,\u201d Leonardo says. \u201cAgreements that don\u2019t even belong to us,\u201d he adds. \u201cWe will have to deal with the political implications, the backlash, and the civil resistance. We deserve to be a part of the conversation.\u201d He\u2019s determined to make Colombia an example to the world of how youth participation in formal peace processes is instrumental for their success.<\/p>\n<p>Every time the young human rights leader gets up on stage he feels supported by the Colombian communities he\u2019s there to represent. Most often these are the ones without a voice that rarely get their messages across in decision-making spaces. They are his key support system and at the same time his biggest inspiration for drawing the people\u2019s attention to the human rights situation in his country whenever he gets a chance. Through sharing these community stories he gives their social leaders international recognition which increases their negotiating power. And with international exposure their projects become easier to replicate.<\/p>\n<p>Leonardo knows how to marry idealism with results on the ground. He\u2019s not afraid to think big, try new approaches. He can conduct himself on the biggest international podia and unapologetically represent his city of Bogot\u00e1 and his country Colombia. He\u2019s an artivist, painting a brighter future\u2014not one, but many brushstrokes at a time.<\/p>\n<div class=\"o-video-container\"><iframe loading=\"lazy\" title=\"Leonardo Pa\u0301rraga &#039;Love Letters to Your &quot;Enemy&quot;&#039;  | Hague Talks\" width=\"1200\" height=\"675\" src=\"https:\/\/www.youtube.com\/embed\/o_KHbBKN_cI?feature=oembed\" frameborder=\"0\" allow=\"accelerometer; autoplay; encrypted-media; gyroscope; picture-in-picture\" allowfullscreen><\/iframe><\/div>\n\n        \n      <\/div>\n    <\/div>\n  <\/div>\n<\/section>\n","protected":false},"excerpt":{"rendered":"<p>rewriting the rules of social integration in Colombia<\/p>\n","protected":false},"author":3,"featured_media":0,"parent":0,"comment_status":"open","ping_status":"open","template":"","meta":{"_acf_changed":false,"footnotes":""},"story_category":[33],"class_list":["post-4430","story","type-story","status-publish","hentry","story_category-shelter-city-en"],"acf":[],"yoast_head":"<!-- This site is optimized with the Yoast SEO plugin v27.5 - https:\/\/yoast.com\/product\/yoast-seo-wordpress\/ -->\n<title>Leonardo - Justice &amp; Peace Netherlands<\/title>\n<meta name=\"robots\" content=\"index, follow, max-snippet:-1, max-image-preview:large, max-video-preview:-1\" \/>\n<link rel=\"canonical\" href=\"https:\/\/justiceandpeace.nl\/en\/stories\/leonardo\/\" \/>\n<meta property=\"og:locale\" content=\"en_US\" \/>\n<meta property=\"og:type\" content=\"article\" \/>\n<meta property=\"og:title\" content=\"Leonardo - Justice &amp; Peace Netherlands\" \/>\n<meta property=\"og:description\" content=\"rewriting the rules of social integration in Colombia\" \/>\n<meta property=\"og:url\" content=\"https:\/\/justiceandpeace.nl\/en\/stories\/leonardo\/\" \/>\n<meta property=\"og:site_name\" content=\"Justice &amp; Peace Netherlands\" \/>\n<meta property=\"article:publisher\" content=\"https:\/\/www.facebook.com\/JusticeandPeaceNL\/\" \/>\n<meta property=\"article:modified_time\" content=\"2022-12-13T15:53:14+00:00\" \/>\n<meta name=\"twitter:card\" content=\"summary_large_image\" \/>\n<script type=\"application\/ld+json\" class=\"yoast-schema-graph\">{\"@context\":\"https:\\\/\\\/schema.org\",\"@graph\":[{\"@type\":\"WebPage\",\"@id\":\"https:\\\/\\\/justiceandpeace.nl\\\/en\\\/stories\\\/leonardo\\\/\",\"url\":\"https:\\\/\\\/justiceandpeace.nl\\\/en\\\/stories\\\/leonardo\\\/\",\"name\":\"Leonardo - Justice &amp; Peace Netherlands\",\"isPartOf\":{\"@id\":\"https:\\\/\\\/justiceandpeace.nl\\\/en\\\/#website\"},\"datePublished\":\"2020-03-31T13:53:07+00:00\",\"dateModified\":\"2022-12-13T15:53:14+00:00\",\"breadcrumb\":{\"@id\":\"https:\\\/\\\/justiceandpeace.nl\\\/en\\\/stories\\\/leonardo\\\/#breadcrumb\"},\"inLanguage\":\"en-US\",\"potentialAction\":[{\"@type\":\"ReadAction\",\"target\":[\"https:\\\/\\\/justiceandpeace.nl\\\/en\\\/stories\\\/leonardo\\\/\"]}]},{\"@type\":\"BreadcrumbList\",\"@id\":\"https:\\\/\\\/justiceandpeace.nl\\\/en\\\/stories\\\/leonardo\\\/#breadcrumb\",\"itemListElement\":[{\"@type\":\"ListItem\",\"position\":1,\"name\":\"Home\",\"item\":\"https:\\\/\\\/justiceandpeace.nl\\\/en\\\/\"},{\"@type\":\"ListItem\",\"position\":2,\"name\":\"Stories\",\"item\":\"https:\\\/\\\/justiceandpeace.nl\\\/en\\\/stories\\\/\"},{\"@type\":\"ListItem\",\"position\":3,\"name\":\"Leonardo\"}]},{\"@type\":\"WebSite\",\"@id\":\"https:\\\/\\\/justiceandpeace.nl\\\/en\\\/#website\",\"url\":\"https:\\\/\\\/justiceandpeace.nl\\\/en\\\/\",\"name\":\"Justice &amp; Peace Netherlands\",\"description\":\"For more then 50 years Justice &amp; Peace Netherlands has been committed to a just and sustainable world.\",\"potentialAction\":[{\"@type\":\"SearchAction\",\"target\":{\"@type\":\"EntryPoint\",\"urlTemplate\":\"https:\\\/\\\/justiceandpeace.nl\\\/en\\\/?s={search_term_string}\"},\"query-input\":{\"@type\":\"PropertyValueSpecification\",\"valueRequired\":true,\"valueName\":\"search_term_string\"}}],\"inLanguage\":\"en-US\"}]}<\/script>\n<!-- \/ Yoast SEO plugin. -->","yoast_head_json":{"title":"Leonardo - Justice &amp; Peace Netherlands","robots":{"index":"index","follow":"follow","max-snippet":"max-snippet:-1","max-image-preview":"max-image-preview:large","max-video-preview":"max-video-preview:-1"},"canonical":"https:\/\/justiceandpeace.nl\/en\/stories\/leonardo\/","og_locale":"en_US","og_type":"article","og_title":"Leonardo - Justice &amp; Peace Netherlands","og_description":"rewriting the rules of social integration in Colombia","og_url":"https:\/\/justiceandpeace.nl\/en\/stories\/leonardo\/","og_site_name":"Justice &amp; Peace Netherlands","article_publisher":"https:\/\/www.facebook.com\/JusticeandPeaceNL\/","article_modified_time":"2022-12-13T15:53:14+00:00","twitter_card":"summary_large_image","schema":{"@context":"https:\/\/schema.org","@graph":[{"@type":"WebPage","@id":"https:\/\/justiceandpeace.nl\/en\/stories\/leonardo\/","url":"https:\/\/justiceandpeace.nl\/en\/stories\/leonardo\/","name":"Leonardo - Justice &amp; Peace Netherlands","isPartOf":{"@id":"https:\/\/justiceandpeace.nl\/en\/#website"},"datePublished":"2020-03-31T13:53:07+00:00","dateModified":"2022-12-13T15:53:14+00:00","breadcrumb":{"@id":"https:\/\/justiceandpeace.nl\/en\/stories\/leonardo\/#breadcrumb"},"inLanguage":"en-US","potentialAction":[{"@type":"ReadAction","target":["https:\/\/justiceandpeace.nl\/en\/stories\/leonardo\/"]}]},{"@type":"BreadcrumbList","@id":"https:\/\/justiceandpeace.nl\/en\/stories\/leonardo\/#breadcrumb","itemListElement":[{"@type":"ListItem","position":1,"name":"Home","item":"https:\/\/justiceandpeace.nl\/en\/"},{"@type":"ListItem","position":2,"name":"Stories","item":"https:\/\/justiceandpeace.nl\/en\/stories\/"},{"@type":"ListItem","position":3,"name":"Leonardo"}]},{"@type":"WebSite","@id":"https:\/\/justiceandpeace.nl\/en\/#website","url":"https:\/\/justiceandpeace.nl\/en\/","name":"Justice &amp; Peace Netherlands","description":"For more then 50 years Justice &amp; Peace Netherlands has been committed to a just and sustainable world.","potentialAction":[{"@type":"SearchAction","target":{"@type":"EntryPoint","urlTemplate":"https:\/\/justiceandpeace.nl\/en\/?s={search_term_string}"},"query-input":{"@type":"PropertyValueSpecification","valueRequired":true,"valueName":"search_term_string"}}],"inLanguage":"en-US"}]}},"_links":{"self":[{"href":"https:\/\/justiceandpeace.nl\/en\/wp-json\/wp\/v2\/story\/4430","targetHints":{"allow":["GET"]}}],"collection":[{"href":"https:\/\/justiceandpeace.nl\/en\/wp-json\/wp\/v2\/story"}],"about":[{"href":"https:\/\/justiceandpeace.nl\/en\/wp-json\/wp\/v2\/types\/story"}],"author":[{"embeddable":true,"href":"https:\/\/justiceandpeace.nl\/en\/wp-json\/wp\/v2\/users\/3"}],"replies":[{"embeddable":true,"href":"https:\/\/justiceandpeace.nl\/en\/wp-json\/wp\/v2\/comments?post=4430"}],"version-history":[{"count":11,"href":"https:\/\/justiceandpeace.nl\/en\/wp-json\/wp\/v2\/story\/4430\/revisions"}],"predecessor-version":[{"id":17476,"href":"https:\/\/justiceandpeace.nl\/en\/wp-json\/wp\/v2\/story\/4430\/revisions\/17476"}],"wp:attachment":[{"href":"https:\/\/justiceandpeace.nl\/en\/wp-json\/wp\/v2\/media?parent=4430"}],"wp:term":[{"taxonomy":"story_category","embeddable":true,"href":"https:\/\/justiceandpeace.nl\/en\/wp-json\/wp\/v2\/story_category?post=4430"}],"curies":[{"name":"wp","href":"https:\/\/api.w.org\/{rel}","templated":true}]}}