
{"id":4615,"date":"2020-03-27T12:48:00","date_gmt":"2020-03-27T12:48:00","guid":{"rendered":"https:\/\/justiceandpeace.nl\/?p=4615"},"modified":"2020-04-07T13:36:45","modified_gmt":"2020-04-07T13:36:45","slug":"covid-19-should-not-be-used-to-restrict-human-rights-as-hungary-seeks-indefinite-state-of-emergency","status":"publish","type":"post","link":"https:\/\/justiceandpeace.nl\/en\/covid-19-should-not-be-used-to-restrict-human-rights-as-hungary-seeks-indefinite-state-of-emergency\/","title":{"rendered":"COVID-19 should not be used to restrict human rights as Hungary seeks indefinite state of emergency"},"content":{"rendered":"\n<section class=\"o-wrapper u-padding-top content alignwide alignfull\" id=\"content-block_5e848f0381016\">\n  <div class=\"o-layout\">\n    <div class=\"o-layout__item o-content u-1\/1 u-2\/3@tablet\">\n\n      <div >\n        \n        <div class=\"section sectie-titel-1\">\n<div class=\"section-wrapper\">\n<div class=\"container\">\n<div class=\"column-wrapper column-row fullwidth\">\n<div class=\"column content\">\n<p>Justice and Peace has joined other organisations including the <a href=\"https:\/\/www.nhc.nl\/emergency-powers-in-hungary-corona-crisis\/\" target=\"_blank\" rel=\"noopener\">Netherlands Helsinki Committee<\/a> in signing a petition concerning the \u2018Bill on Protection against the Coronavirus\u2019 in Hungary.<\/p>\n<p>Earlier this week, the Hungarian government sent a bill to Parliament to seek an open-ended extension to the current state of emergency. If passed, this would thereby grant the government far-reaching powers without any prospect of an end date including the ability to by-pass Parliament. The proposed bill will be put to the vote next week.<\/p>\n<p>Justice and Peace, together with other organisations, calls on the Hungarian government to set a clear end date in their proposed bill seeking an indefinite extension to the current state of emergency in Hungary in relation to the COVID-19 pandemic.<\/p>\n<p><strong>This petition was on the initiative of the Netherlands Helsinki Committee (NHC). To read the official statement, continue below or <em><a href=\"https:\/\/www.nhc.nl\/assets\/uploads\/2020\/03\/Joint-Statement-on-Hungarys-Extension-of-Emergency-Powers.pdf\" target=\"_blank\" rel=\"noopener\">download the statement here.\u00a0<\/a><\/em><\/strong><\/p>\n<\/div>\n<\/div>\n<\/div>\n<\/div>\n<\/div>\n<div class=\"section sectie-titel-2\">\n<div class=\"section-wrapper\"><span id=\"sectie-titel-2\" class=\"anchor\"><\/span><\/p>\n<div class=\"container\">\n<div class=\"column-wrapper column-row fullwidth\">\n<div class=\"column content\">\n<h2 class=\"column-title\">Official Statement<\/h2>\n<p>Undersigned organizations share the concern of <a href=\"https:\/\/www.helsinki.hu\/wp-content\/uploads\/Unlimited-power-is-not-the-panacea-20200322.pdf\" target=\"_blank\" rel=\"noopener\">Hungarian civil society expert organisations<\/a><a href=\"https:\/\/www.nhc.nl\/emergency-powers-in-hungary-corona-crisis\/#_ftn1\" name=\"_ftnref1\">[1]<\/a>\u00a0about the indefinite extension of emergency powers to the Hungarian government in the proposed Bill on Protection against the Coronavirus. Any emergency that may be adopted should come with clear time limit on these emergency powers, with a review taking place in case prolongation is proposed. Fundamental protections included in the Constitution and international standards, especially the requirement that any exceptional measure be not only necessary and proportionate, but also non-discriminatory and time-bound \u00a0should be upheld, even in case of emergency, and an effective and independent mechanism should be created to judge whether government measures are within the bounds of the Constitution. Therefore, a procedure should be defined for rapid review by the Constitutional Court to decide on petitions related to the special legal order and individual measures taken thereunder.<\/p>\n<p>We call on Hungarian government and legislators to stick to these standards in any emergency legislation relating to the Corona virus situation. We call on both the central institutions of the European Union and on the Union\u2019s member states to stipulate that emergency legislation relating to the Corona crisis will be limited in time and adhering to standards of necessity and proportionality that should be tested in an expedited legal process and that it is promptly notified to relevant international human rights protection mechanisms\u00a0 whenever they result in a limitation of other fundamental rights, as required under international law. The current exceptional circumstances require strong rule of law safeguards next to proportional and necessary emergency measures to ensure that human rights are at the centre of any response to the crisis, not unlimited government rule by decree that can last beyond the actual epidemic crisis and threaten our democracies well beyond the current situation.<\/p>\n<p><em>Albanian Helsinki Committee<br \/>\n<\/em><em>Amnesty International Netherlands<br \/>\n<\/em><em>Armenian Helsinki Committee<br \/>\n<\/em><em>Article 19 (UK)<br \/>\n<\/em><em>Association of Ukrainian Human Rights Monitors on Law Enforcement<br \/>\n<\/em><em>Austrian Helsinki Association<br \/>\n<\/em><em>Belarusian Helsinki Committee<br \/>\n<\/em><em>Brot f\u00fcr die Welt (Germany)<br \/>\n<\/em><em>Bulgarian Helsinki Committee<br \/>\n<\/em><em>Center for Civil Liberties (Ukraine)<br \/>\n<\/em><em>Center for Participation and Development (Georgia)<br \/>\n<\/em><em>Centre de la Protection Internationale (France)<br \/>\n<\/em><em>Centre for the Development of Democracy and Human Rights (Russia)<br \/>\n<\/em><em>Citizens\u2019 Watch (Russia)<br \/>\n<\/em><em>Civil Rights Defenders (Sweden)<br \/>\n<\/em><em>Crude Accountability (USA)<br \/>\n<\/em><em>DRA German-Russian Exchange (Germany)<br \/>\n<\/em><em>Nederlands Juristen Comit\u00e9 voor de Mensenrechten \u2013 Dutch Section of the International Commission of Jurists (NJCM)<br \/>\ne<\/em><em>Pa\u0144stwo Foundation (Poland)<br \/>\n<\/em><em>European Civic Forum (Belgium)<br \/>\n<\/em><em>Board of the EU-Russia Civil Society Forum<br \/>\n<\/em><em>Free Press Unlimited (Netherlands)<br \/>\n<\/em><em>Helsinki Association for Human Rights (Armenia)<br \/>\n<\/em><em>Helsinki Citizens\u2019 Assembly-Vanadzor (Armenia)<br \/>\n<\/em><em>Helsinki Foundation for Human Rights (Poland)<br \/>\n<\/em><em>Human Rights Center of Azerbaijan<br \/>\n<\/em><em>Human Rights First (USA)<br \/>\n<\/em><em>Human Rights House Zagreb<br \/>\n<\/em><em>Human Rights Monitoring Institute (Lithuania)<br \/>\n<\/em><em>Human Rights Watch (Europe office)<br \/>\n<\/em><em>Humanrights.ch (Switzerland)<br \/>\n<\/em><em>IDP Women Association \u201cConsent\u201d (Georgia)<br \/>\n<\/em><em>International Commission of Jurists<br \/>\n<\/em><em>International Foundation for Human Rights (FIDH)<br \/>\n<\/em><em>Italian Coalition for Civil Liberties (CILD)<br \/>\n<\/em><em>Justice and Peace (Netherlands)<br \/>\n<\/em><em>Kazakhstan International Bureau for Human Rights and the Rule of Law<br \/>\n<\/em><em>Lawyers\u2019 Committee for Human Rights \u2013 YUCOM (Serbia)<br \/>\n<\/em><em>Legal Transformations Center \u2013 LAWTREND (Belarus)<br \/>\n<\/em><em>Macedonian Helsinki Committee<br \/>\n<\/em><em>Netherlands Helsinki Committee<br \/>\n<\/em><em>Norwegian Helsinki Committee<br \/>\n<\/em><em>Open Society European Policy Institute (Belgium)<br \/>\n<\/em><em>PAX (Netherlands)<br \/>\n<\/em><em>People in Need (Czech Republic)<br \/>\n<\/em><em>Promo-LEX Association (Moldova)<br \/>\n<\/em><em>Public Verdict Foundation (Russia)<br \/>\n<\/em><em>Social Action Centre (Ukraine)<br \/>\n<\/em><em>Swedish OSCE-Network<br \/>\n<\/em><em>Swiss Helsinki Committee<br \/>\n<\/em><em>The Human Rights Movement: Bir Duino (Kyrgyzstan)<br \/>\n<\/em><em>Union Women of the Don (Russia)<br \/>\n<\/em><em>World Organisation Against Torture, OMCT (Switzerland)<br \/>\n<\/em><em>ZARA (Austria)<\/em><\/p>\n<p>Contact for this statement: Pepijn Gerrits, Netherlands Helsinki Committee,\u00a0<a href=\"mailto:pgerrits@nhc.nl\">pgerrits@nhc.nl<\/a>, +31703926700<\/p>\n<p><a href=\"https:\/\/www.nhc.nl\/emergency-powers-in-hungary-corona-crisis\/#_ftnref1\" name=\"_ftn1\">[1]<\/a>\u00a0Amnesty International, E\u00f6tv\u00f6s K\u00e1roly Institute, Hungarian Civil Liberties Union, Hungarian Helsinki Committee, \u201cUnlimited Power is Not the Panacea,\u201d 22 March 2020, accessed on:\u00a0<a href=\"https:\/\/www.helsinki.hu\/wp-content\/uploads\/Unlimited-power-is-not-the-panacea-20200322.pdf\">https:\/\/www.helsinki.hu\/wp-content\/uploads\/Unlimited-power-is-not-the-panacea-20200322.pdf<\/a><\/p>\n<\/div>\n<\/div>\n<\/div>\n<\/div>\n<\/div>\n\n        \n      <\/div>\n    <\/div>\n  <\/div>\n<\/section>\n","protected":false},"excerpt":{"rendered":"<p>Justice and Peace has joined other organisations in calling on the Hungarian government to set a clear end date in their proposed bill seeking an indefinite extension to the current state of emergency.<\/p>\n","protected":false},"author":3,"featured_media":0,"comment_status":"open","ping_status":"open","sticky":false,"template":"","format":"standard","meta":{"_acf_changed":false,"footnotes":""},"categories":[63],"class_list":["post-4615","post","type-post","status-publish","format-standard","hentry","category-statement-en"],"acf":[],"yoast_head":"<!-- This site is optimized with the Yoast SEO plugin v27.5 - https:\/\/yoast.com\/product\/yoast-seo-wordpress\/ -->\n<title>COVID-19 should not be used to restrict human rights as Hungary seeks indefinite state of emergency - Justice &amp; Peace Netherlands<\/title>\n<meta name=\"robots\" content=\"index, follow, max-snippet:-1, max-image-preview:large, max-video-preview:-1\" \/>\n<link rel=\"canonical\" href=\"https:\/\/justiceandpeace.nl\/en\/covid-19-should-not-be-used-to-restrict-human-rights-as-hungary-seeks-indefinite-state-of-emergency\/\" \/>\n<meta property=\"og:locale\" content=\"en_US\" \/>\n<meta property=\"og:type\" content=\"article\" \/>\n<meta property=\"og:title\" content=\"COVID-19 should not be used to restrict human rights as Hungary seeks indefinite state of emergency - Justice &amp; Peace Netherlands\" \/>\n<meta property=\"og:description\" content=\"Justice and Peace has joined other organisations in calling on the Hungarian government to set a clear end date in their proposed bill seeking an indefinite extension to the current state of emergency.\" \/>\n<meta property=\"og:url\" content=\"https:\/\/justiceandpeace.nl\/en\/covid-19-should-not-be-used-to-restrict-human-rights-as-hungary-seeks-indefinite-state-of-emergency\/\" \/>\n<meta property=\"og:site_name\" content=\"Justice &amp; Peace Netherlands\" \/>\n<meta property=\"article:publisher\" content=\"https:\/\/www.facebook.com\/JusticeandPeaceNL\/\" \/>\n<meta property=\"article:published_time\" content=\"2020-03-27T12:48:00+00:00\" \/>\n<meta property=\"article:modified_time\" content=\"2020-04-07T13:36:45+00:00\" \/>\n<meta name=\"author\" content=\"Maranke\" \/>\n<meta name=\"twitter:card\" content=\"summary_large_image\" \/>\n<meta name=\"twitter:label1\" content=\"Written by\" \/>\n\t<meta name=\"twitter:data1\" content=\"Maranke\" \/>\n<script type=\"application\/ld+json\" class=\"yoast-schema-graph\">{\"@context\":\"https:\\\/\\\/schema.org\",\"@graph\":[{\"@type\":\"Article\",\"@id\":\"https:\\\/\\\/justiceandpeace.nl\\\/en\\\/covid-19-should-not-be-used-to-restrict-human-rights-as-hungary-seeks-indefinite-state-of-emergency\\\/#article\",\"isPartOf\":{\"@id\":\"https:\\\/\\\/justiceandpeace.nl\\\/en\\\/covid-19-should-not-be-used-to-restrict-human-rights-as-hungary-seeks-indefinite-state-of-emergency\\\/\"},\"author\":{\"name\":\"Maranke\",\"@id\":\"https:\\\/\\\/justiceandpeace.nl\\\/en\\\/#\\\/schema\\\/person\\\/8b17c366a8d4575402ba5a6b176de9ba\"},\"headline\":\"COVID-19 should not be used to restrict human rights as Hungary seeks indefinite state of emergency\",\"datePublished\":\"2020-03-27T12:48:00+00:00\",\"dateModified\":\"2020-04-07T13:36:45+00:00\",\"mainEntityOfPage\":{\"@id\":\"https:\\\/\\\/justiceandpeace.nl\\\/en\\\/covid-19-should-not-be-used-to-restrict-human-rights-as-hungary-seeks-indefinite-state-of-emergency\\\/\"},\"wordCount\":16,\"commentCount\":0,\"articleSection\":[\"Statement\"],\"inLanguage\":\"en-US\",\"potentialAction\":[{\"@type\":\"CommentAction\",\"name\":\"Comment\",\"target\":[\"https:\\\/\\\/justiceandpeace.nl\\\/en\\\/covid-19-should-not-be-used-to-restrict-human-rights-as-hungary-seeks-indefinite-state-of-emergency\\\/#respond\"]}]},{\"@type\":\"WebPage\",\"@id\":\"https:\\\/\\\/justiceandpeace.nl\\\/en\\\/covid-19-should-not-be-used-to-restrict-human-rights-as-hungary-seeks-indefinite-state-of-emergency\\\/\",\"url\":\"https:\\\/\\\/justiceandpeace.nl\\\/en\\\/covid-19-should-not-be-used-to-restrict-human-rights-as-hungary-seeks-indefinite-state-of-emergency\\\/\",\"name\":\"COVID-19 should not be used to restrict human rights as Hungary seeks indefinite state of emergency - Justice &amp; Peace Netherlands\",\"isPartOf\":{\"@id\":\"https:\\\/\\\/justiceandpeace.nl\\\/en\\\/#website\"},\"datePublished\":\"2020-03-27T12:48:00+00:00\",\"dateModified\":\"2020-04-07T13:36:45+00:00\",\"author\":{\"@id\":\"https:\\\/\\\/justiceandpeace.nl\\\/en\\\/#\\\/schema\\\/person\\\/8b17c366a8d4575402ba5a6b176de9ba\"},\"breadcrumb\":{\"@id\":\"https:\\\/\\\/justiceandpeace.nl\\\/en\\\/covid-19-should-not-be-used-to-restrict-human-rights-as-hungary-seeks-indefinite-state-of-emergency\\\/#breadcrumb\"},\"inLanguage\":\"en-US\",\"potentialAction\":[{\"@type\":\"ReadAction\",\"target\":[\"https:\\\/\\\/justiceandpeace.nl\\\/en\\\/covid-19-should-not-be-used-to-restrict-human-rights-as-hungary-seeks-indefinite-state-of-emergency\\\/\"]}]},{\"@type\":\"BreadcrumbList\",\"@id\":\"https:\\\/\\\/justiceandpeace.nl\\\/en\\\/covid-19-should-not-be-used-to-restrict-human-rights-as-hungary-seeks-indefinite-state-of-emergency\\\/#breadcrumb\",\"itemListElement\":[{\"@type\":\"ListItem\",\"position\":1,\"name\":\"Home\",\"item\":\"https:\\\/\\\/justiceandpeace.nl\\\/en\\\/\"},{\"@type\":\"ListItem\",\"position\":2,\"name\":\"COVID-19 should not be used to restrict human rights as Hungary seeks indefinite state of emergency\"}]},{\"@type\":\"WebSite\",\"@id\":\"https:\\\/\\\/justiceandpeace.nl\\\/en\\\/#website\",\"url\":\"https:\\\/\\\/justiceandpeace.nl\\\/en\\\/\",\"name\":\"Justice &amp; Peace Netherlands\",\"description\":\"For more then 50 years Justice &amp; Peace Netherlands has been committed to a just and sustainable world.\",\"potentialAction\":[{\"@type\":\"SearchAction\",\"target\":{\"@type\":\"EntryPoint\",\"urlTemplate\":\"https:\\\/\\\/justiceandpeace.nl\\\/en\\\/?s={search_term_string}\"},\"query-input\":{\"@type\":\"PropertyValueSpecification\",\"valueRequired\":true,\"valueName\":\"search_term_string\"}}],\"inLanguage\":\"en-US\"},{\"@type\":\"Person\",\"@id\":\"https:\\\/\\\/justiceandpeace.nl\\\/en\\\/#\\\/schema\\\/person\\\/8b17c366a8d4575402ba5a6b176de9ba\",\"name\":\"Maranke\",\"image\":{\"@type\":\"ImageObject\",\"inLanguage\":\"en-US\",\"@id\":\"https:\\\/\\\/secure.gravatar.com\\\/avatar\\\/8c62636ac49de1dcbc826fdae6891b817f1fb11110f12e321e0b86f39bf89a74?s=96&d=mm&r=g\",\"url\":\"https:\\\/\\\/secure.gravatar.com\\\/avatar\\\/8c62636ac49de1dcbc826fdae6891b817f1fb11110f12e321e0b86f39bf89a74?s=96&d=mm&r=g\",\"contentUrl\":\"https:\\\/\\\/secure.gravatar.com\\\/avatar\\\/8c62636ac49de1dcbc826fdae6891b817f1fb11110f12e321e0b86f39bf89a74?s=96&d=mm&r=g\",\"caption\":\"Maranke\"},\"url\":\"https:\\\/\\\/justiceandpeace.nl\\\/en\\\/author\\\/maranke\\\/\"}]}<\/script>\n<!-- \/ Yoast SEO plugin. -->","yoast_head_json":{"title":"COVID-19 should not be used to restrict human rights as Hungary seeks indefinite state of emergency - Justice &amp; Peace Netherlands","robots":{"index":"index","follow":"follow","max-snippet":"max-snippet:-1","max-image-preview":"max-image-preview:large","max-video-preview":"max-video-preview:-1"},"canonical":"https:\/\/justiceandpeace.nl\/en\/covid-19-should-not-be-used-to-restrict-human-rights-as-hungary-seeks-indefinite-state-of-emergency\/","og_locale":"en_US","og_type":"article","og_title":"COVID-19 should not be used to restrict human rights as Hungary seeks indefinite state of emergency - Justice &amp; Peace Netherlands","og_description":"Justice and Peace has joined other organisations in calling on the Hungarian government to set a clear end date in their proposed bill seeking an indefinite extension to the current state of emergency.","og_url":"https:\/\/justiceandpeace.nl\/en\/covid-19-should-not-be-used-to-restrict-human-rights-as-hungary-seeks-indefinite-state-of-emergency\/","og_site_name":"Justice &amp; Peace Netherlands","article_publisher":"https:\/\/www.facebook.com\/JusticeandPeaceNL\/","article_published_time":"2020-03-27T12:48:00+00:00","article_modified_time":"2020-04-07T13:36:45+00:00","author":"Maranke","twitter_card":"summary_large_image","twitter_misc":{"Written by":"Maranke"},"schema":{"@context":"https:\/\/schema.org","@graph":[{"@type":"Article","@id":"https:\/\/justiceandpeace.nl\/en\/covid-19-should-not-be-used-to-restrict-human-rights-as-hungary-seeks-indefinite-state-of-emergency\/#article","isPartOf":{"@id":"https:\/\/justiceandpeace.nl\/en\/covid-19-should-not-be-used-to-restrict-human-rights-as-hungary-seeks-indefinite-state-of-emergency\/"},"author":{"name":"Maranke","@id":"https:\/\/justiceandpeace.nl\/en\/#\/schema\/person\/8b17c366a8d4575402ba5a6b176de9ba"},"headline":"COVID-19 should not be used to restrict human rights as Hungary seeks indefinite state of emergency","datePublished":"2020-03-27T12:48:00+00:00","dateModified":"2020-04-07T13:36:45+00:00","mainEntityOfPage":{"@id":"https:\/\/justiceandpeace.nl\/en\/covid-19-should-not-be-used-to-restrict-human-rights-as-hungary-seeks-indefinite-state-of-emergency\/"},"wordCount":16,"commentCount":0,"articleSection":["Statement"],"inLanguage":"en-US","potentialAction":[{"@type":"CommentAction","name":"Comment","target":["https:\/\/justiceandpeace.nl\/en\/covid-19-should-not-be-used-to-restrict-human-rights-as-hungary-seeks-indefinite-state-of-emergency\/#respond"]}]},{"@type":"WebPage","@id":"https:\/\/justiceandpeace.nl\/en\/covid-19-should-not-be-used-to-restrict-human-rights-as-hungary-seeks-indefinite-state-of-emergency\/","url":"https:\/\/justiceandpeace.nl\/en\/covid-19-should-not-be-used-to-restrict-human-rights-as-hungary-seeks-indefinite-state-of-emergency\/","name":"COVID-19 should not be used to restrict human rights as Hungary seeks indefinite state of emergency - Justice &amp; Peace Netherlands","isPartOf":{"@id":"https:\/\/justiceandpeace.nl\/en\/#website"},"datePublished":"2020-03-27T12:48:00+00:00","dateModified":"2020-04-07T13:36:45+00:00","author":{"@id":"https:\/\/justiceandpeace.nl\/en\/#\/schema\/person\/8b17c366a8d4575402ba5a6b176de9ba"},"breadcrumb":{"@id":"https:\/\/justiceandpeace.nl\/en\/covid-19-should-not-be-used-to-restrict-human-rights-as-hungary-seeks-indefinite-state-of-emergency\/#breadcrumb"},"inLanguage":"en-US","potentialAction":[{"@type":"ReadAction","target":["https:\/\/justiceandpeace.nl\/en\/covid-19-should-not-be-used-to-restrict-human-rights-as-hungary-seeks-indefinite-state-of-emergency\/"]}]},{"@type":"BreadcrumbList","@id":"https:\/\/justiceandpeace.nl\/en\/covid-19-should-not-be-used-to-restrict-human-rights-as-hungary-seeks-indefinite-state-of-emergency\/#breadcrumb","itemListElement":[{"@type":"ListItem","position":1,"name":"Home","item":"https:\/\/justiceandpeace.nl\/en\/"},{"@type":"ListItem","position":2,"name":"COVID-19 should not be used to restrict human rights as Hungary seeks indefinite state of emergency"}]},{"@type":"WebSite","@id":"https:\/\/justiceandpeace.nl\/en\/#website","url":"https:\/\/justiceandpeace.nl\/en\/","name":"Justice &amp; Peace Netherlands","description":"For more then 50 years Justice &amp; Peace Netherlands has been committed to a just and sustainable world.","potentialAction":[{"@type":"SearchAction","target":{"@type":"EntryPoint","urlTemplate":"https:\/\/justiceandpeace.nl\/en\/?s={search_term_string}"},"query-input":{"@type":"PropertyValueSpecification","valueRequired":true,"valueName":"search_term_string"}}],"inLanguage":"en-US"},{"@type":"Person","@id":"https:\/\/justiceandpeace.nl\/en\/#\/schema\/person\/8b17c366a8d4575402ba5a6b176de9ba","name":"Maranke","image":{"@type":"ImageObject","inLanguage":"en-US","@id":"https:\/\/secure.gravatar.com\/avatar\/8c62636ac49de1dcbc826fdae6891b817f1fb11110f12e321e0b86f39bf89a74?s=96&d=mm&r=g","url":"https:\/\/secure.gravatar.com\/avatar\/8c62636ac49de1dcbc826fdae6891b817f1fb11110f12e321e0b86f39bf89a74?s=96&d=mm&r=g","contentUrl":"https:\/\/secure.gravatar.com\/avatar\/8c62636ac49de1dcbc826fdae6891b817f1fb11110f12e321e0b86f39bf89a74?s=96&d=mm&r=g","caption":"Maranke"},"url":"https:\/\/justiceandpeace.nl\/en\/author\/maranke\/"}]}},"_links":{"self":[{"href":"https:\/\/justiceandpeace.nl\/en\/wp-json\/wp\/v2\/posts\/4615","targetHints":{"allow":["GET"]}}],"collection":[{"href":"https:\/\/justiceandpeace.nl\/en\/wp-json\/wp\/v2\/posts"}],"about":[{"href":"https:\/\/justiceandpeace.nl\/en\/wp-json\/wp\/v2\/types\/post"}],"author":[{"embeddable":true,"href":"https:\/\/justiceandpeace.nl\/en\/wp-json\/wp\/v2\/users\/3"}],"replies":[{"embeddable":true,"href":"https:\/\/justiceandpeace.nl\/en\/wp-json\/wp\/v2\/comments?post=4615"}],"version-history":[{"count":4,"href":"https:\/\/justiceandpeace.nl\/en\/wp-json\/wp\/v2\/posts\/4615\/revisions"}],"predecessor-version":[{"id":4622,"href":"https:\/\/justiceandpeace.nl\/en\/wp-json\/wp\/v2\/posts\/4615\/revisions\/4622"}],"wp:attachment":[{"href":"https:\/\/justiceandpeace.nl\/en\/wp-json\/wp\/v2\/media?parent=4615"}],"wp:term":[{"taxonomy":"category","embeddable":true,"href":"https:\/\/justiceandpeace.nl\/en\/wp-json\/wp\/v2\/categories?post=4615"}],"curies":[{"name":"wp","href":"https:\/\/api.w.org\/{rel}","templated":true}]}}