
{"id":23230,"date":"2024-02-12T07:59:51","date_gmt":"2024-02-12T07:59:51","guid":{"rendered":"https:\/\/justiceandpeace.nl\/?p=23230"},"modified":"2024-02-29T09:55:58","modified_gmt":"2024-02-29T09:55:58","slug":"initiative-artists-safe-haven-2024-fr","status":"publish","type":"post","link":"https:\/\/justiceandpeace.nl\/en\/initiative-artists-safe-haven-2024-fr\/","title":{"rendered":"L\u2019initiative Artists\u2019 Safe Haven: Appel \u00e0 candidatures en Septembre 2024"},"content":{"rendered":"\n<section class=\"o-block-row o-wrapper u-padding-vertical-large o-content split_content alignfull\" id=\"split-content-block_c79581f449ed8763da4859a4c179cf73\">\n\n  <div class=\"o-layout \">\n\n\n    \n      <div class=\"o-layout__item o-content u-1\/1 u-2\/3@tablet\">\n        \n        <div >\n          <p><em>Consultez cet appel en\u00a0<a href=\"https:\/\/justiceandpeace.nl\/en\/artists-safe-haven-september-2024-en\/\" target=\"_blank\" rel=\"noopener\">anglais\u00a0<\/a>ou en\u00a0<a href=\"https:\/\/justiceandpeace.nl\/en\/la-iniciativa-artists-safe-haven-septiembre-2024-sp\/\" target=\"_blank\" rel=\"noopener\">espagnol<\/a>.<\/em><\/p>\n<h2>Justice &amp; Peace Netherlands lance un nouvel appel \u00e0 candidatures pour l\u2019initiative Artists\u2019 Safe Haven.<\/h2>\n<h3>La date limite de d\u00e9p\u00f4t des candidatures est <u>le 14 mars 2024 \u00e0 23:59 CET (heure d&#8217;Europe centrale).<\/u><\/h3>\n<p>En offrant une relocalisation temporaire et un soutien sur mesure aux artistes en danger, Justice &amp; Peace vise \u00e0 promouvoir la s\u00e9curit\u00e9 de ces artistes et praticiens de l&#8217;art, et en particulier des femmes artistes et praticiens de l&#8217;art, dans le monde entier, afin qu&#8217;ils puissent \u00e9laborer de nouvelles strat\u00e9gies et poursuivre leur important travail pour la libert\u00e9 d&#8217;expression artistique dans leur pays d&#8217;origine.<\/p>\n<p>Avec le soutien du Minist\u00e8re des Affaires \u00e9trang\u00e8res des Pays-Bas, Justice &amp; Peace sera en mesure de fournir trois espaces s\u00fbrs temporaires \u00e0 La Haye en mars, juin ou septembre 2024 pour les artistes ou praticiens de l&#8217;art en danger.<\/p>\n<img loading=\"lazy\" decoding=\"async\" class=\"alignnone size-thumbnail wp-image-23218\" src=\"https:\/\/justiceandpeace.nl\/wp-content\/uploads\/2024\/02\/IMG_2454-681x585.jpg\" alt=\"\" width=\"681\" height=\"585\" srcset=\"https:\/\/justiceandpeace.nl\/wp-content\/uploads\/2024\/02\/IMG_2454-681x585.jpg 681w, https:\/\/justiceandpeace.nl\/wp-content\/uploads\/2024\/02\/IMG_2454-1200x1031.jpg 1200w, https:\/\/justiceandpeace.nl\/wp-content\/uploads\/2024\/02\/IMG_2454-1440x1238.jpg 1440w, https:\/\/justiceandpeace.nl\/wp-content\/uploads\/2024\/02\/IMG_2454-768x660.jpg 768w, https:\/\/justiceandpeace.nl\/wp-content\/uploads\/2024\/02\/IMG_2454-1536x1320.jpg 1536w, https:\/\/justiceandpeace.nl\/wp-content\/uploads\/2024\/02\/IMG_2454-2048x1760.jpg 2048w\" sizes=\"auto, (max-width: 681px) 100vw, 681px\" \/>\n<h3>Pour \u00eatre \u00e9ligibles aux initiatives, les candidats doivent remplir les conditions suivantes :<\/h3>\n<ul>\n<li>Vous effectuez votre travail de mani\u00e8re non violente;<\/li>\n<li>Vous \u00eates menac\u00e9(e)s ou vous sentez sous pression en raison de votre travail;<\/li>\n<li>Vous souhaitez et avez la capacit\u00e9 de rentrer dans votre pays d&#8217;origine apr\u00e8s trois mois;<\/li>\n<li>Vous \u00eates dispos\u00e9(e)s \u00e0 parler en public de votre exp\u00e9rience, travail (artistique) ou des droits humains dans votre pays, dans la mesure o\u00f9 votre situation en mati\u00e8re de s\u00e9curit\u00e9 le permet;<\/li>\n<li>Vous \u00eates \u00e0 l\u2019aise \u00e0 l\u2019oral en anglais * (des places limit\u00e9es sont disponibles pour les d\u00e9fenseur(e)s des droits humains francophones ou hispanophones);<\/li>\n<li>Vous avez un passeport valide (avec une validit\u00e9 d&#8217;au moins 18 mois) ou \u00eates dispos\u00e9s \u00e0 suivre les proc\u00e9dures pour en obtenir un. Justice &amp; Peace couvre les frais de d\u00e9livrance du passeport et \/ ou du visa (le cas \u00e9ch\u00e9ant);<\/li>\n<li>Vous n\u2019\u00eates soumis(es) \u00e0 aucune mesure ni interdiction judiciaire de quitter le pays;<\/li>\n<li>Vous dispos\u00e9s \u00e0 commencer votre s\u00e9jour aux Pays-Bas vers septembre 2024.<\/li>\n<\/ul>\n<p><em>*Nous souhaitons que le niveau d\u2019anglais oral des participant(e)s leur permette de participer activement \u00e0 des formations, de parler de leur travail, de communiquer avec leur ville d\u2019 accueil, etc.<\/em><\/p>\n<p>Notez que des facteurs suppl\u00e9mentaires seront pris en consid\u00e9ration dans la phase finale de la s\u00e9lection; tels que la valeur ajout\u00e9e d&#8217;un s\u00e9jour aux Pays-Bas ainsi que l&#8217;\u00e9quilibre de genre, la g\u00e9ographie et th\u00e9matique. Veuillez noter que ce n&#8217;est que dans des circonstances exceptionnelles que nous pouvons accepter des participants r\u00e9sidant actuellement dans un pays tiers.<\/p>\n<h4>Pour postuler \u00e0 l&#8217;initiative Artists&#8217; Safe Haven, vous trouverez le formulaire ici. <u>Les formulaires de candidature doivent \u00eatre soumis avant <\/u><u>le 14 mars 2024 \u00e0 23:59 CET (heure d&#8217;Europe centrale).<\/u> Une commission ind\u00e9pendante s\u00e9lectionnera les participants.<\/h4>\n        <\/div>\n\n                  <a href=\"https:\/\/form.jotform.com\/JPNL\/ASHI-2024-FR\" target=\"_blank\" class=\"c-btn c-btn--primary\">Postuler \u00e0 l&#039;initiative Artists&#039; Safe Haven <\/a>\n        \n      <\/div>\n\n    \n    \n      <div class=\"o-layout__item o-content u-1\/1 u-1\/3@tablet\">\n\n        <div class=\"o-callout o-callout--padded u-text-small u-fill-gray\">\n          <img loading=\"lazy\" decoding=\"async\" class=\"alignnone size-thumbnail wp-image-23210\" src=\"https:\/\/justiceandpeace.nl\/wp-content\/uploads\/2024\/02\/IMG_1090-750x500.jpg\" alt=\"\" width=\"750\" height=\"500\" srcset=\"https:\/\/justiceandpeace.nl\/wp-content\/uploads\/2024\/02\/IMG_1090-750x500.jpg 750w, https:\/\/justiceandpeace.nl\/wp-content\/uploads\/2024\/02\/IMG_1090-1200x800.jpg 1200w, https:\/\/justiceandpeace.nl\/wp-content\/uploads\/2024\/02\/IMG_1090-1440x960.jpg 1440w, https:\/\/justiceandpeace.nl\/wp-content\/uploads\/2024\/02\/IMG_1090-768x512.jpg 768w, https:\/\/justiceandpeace.nl\/wp-content\/uploads\/2024\/02\/IMG_1090-1536x1024.jpg 1536w, https:\/\/justiceandpeace.nl\/wp-content\/uploads\/2024\/02\/IMG_1090-2048x1365.jpg 2048w\" sizes=\"auto, (max-width: 750px) 100vw, 750px\" \/>\n<p>Gr\u00e2ce \u00e0 son initiative <a href=\"https:\/\/justiceandpeace.nl\/en\/?page_id=18419\" target=\"_blank\" rel=\"noopener\">Artists&#8217; Safe Haven<\/a>, Justice &amp; Peace Netherlands entend contribuer \u00e0 la promotion de la libert\u00e9 d&#8217;expression artistique dans le monde, y compris le droit de vise \u00e0 de l&#8217;art, de l&#8217;admirer, de le critiquer, de le contester, d&#8217;\u00eatre provoqu\u00e9 par lui et d&#8217;y r\u00e9agir sans \u00eatre soumis \u00e0 la censure gouvernementale, \u00e0 l&#8217;ing\u00e9rence politique ou aux pressions d&#8217;acteurs non \u00e9tatiques.<\/p>\n        <\/div>\n\n        \n      <\/div>\n\n    \n  <\/div>\n\n<\/section>\n\n\n\n<section class=\"o-wrapper u-padding-top content alignwide alignfull\" id=\"content-block_bac30ca68a6d45747119062c73284d62\">\n  <div class=\"o-layout\">\n    <div class=\"o-layout__item o-content u-1\/1 u-2\/3@tablet\">\n\n      <div >\n        \n        <p>Notez que Justice &amp; Peace ne contr\u00f4le pas l\u2019attribution de visas pour entrer aux Pays-Bas. L\u2019admission au programme pour les participants s\u00e9lectionn\u00e9(e)s est conditionn\u00e9e \u00e0 l\u2019obtention d\u2019un visa. Pour plus d&#8217;informations, veuillez nous contacter \u00e0 l&#8217;adresse <a href=\"mailto:artists.safehaven@protonmail.com\">artists.safehaven@protonmail.com<\/a>.<\/p>\n\n        \n      <\/div>\n    <\/div>\n  <\/div>\n<\/section>\n","protected":false},"excerpt":{"rendered":"<p>Justice &#038; Peace Netherlands lance un nouvel appel \u00e0 candidatures pour l\u2019initiative Artists\u2019 Safe Haven.<br \/>\nLa date limite de d\u00e9p\u00f4t des candidatures est le 14 mars 2024 \u00e0 23:59 CET (heure d&#8217;Europe centrale).<\/p>\n","protected":false},"author":3,"featured_media":0,"comment_status":"open","ping_status":"open","sticky":false,"template":"","format":"standard","meta":{"_acf_changed":false,"footnotes":""},"categories":[60],"class_list":["post-23230","post","type-post","status-publish","format-standard","hentry","category-latest-news-en"],"acf":[],"yoast_head":"<!-- This site is optimized with the Yoast SEO plugin v27.4 - https:\/\/yoast.com\/product\/yoast-seo-wordpress\/ -->\n<title>L\u2019initiative Artists\u2019 Safe Haven: Appel \u00e0 candidatures en Septembre 2024 - Justice &amp; Peace Netherlands<\/title>\n<meta name=\"description\" content=\"Justice &amp; Peace Netherlands lance un nouvel appel \u00e0 candidatures pour l\u2019initiative Artists\u2019 Safe Haven. La date limite de d\u00e9p\u00f4t des candidatures est le 29 f\u00e9vrier 2024 \u00e0 23:59 CET (heure d\u2019Europe centrale).\" \/>\n<meta name=\"robots\" content=\"index, follow, max-snippet:-1, max-image-preview:large, max-video-preview:-1\" \/>\n<link rel=\"canonical\" href=\"https:\/\/justiceandpeace.nl\/en\/initiative-artists-safe-haven-2024-fr\/\" \/>\n<meta property=\"og:locale\" content=\"en_US\" \/>\n<meta property=\"og:type\" content=\"article\" \/>\n<meta property=\"og:title\" content=\"L\u2019initiative Artists\u2019 Safe Haven: Appel \u00e0 candidatures en Septembre 2024\" \/>\n<meta property=\"og:description\" content=\"Justice &amp; Peace Netherlands lance un nouvel appel \u00e0 candidatures pour l\u2019initiative Artists\u2019 Safe Haven.La date limite de d\u00e9p\u00f4t des candidatures est le 29 f\u00e9vrier 2024 \u00e0 23:59 CET (heure d\u2019Europe centrale).\" \/>\n<meta property=\"og:url\" content=\"https:\/\/justiceandpeace.nl\/en\/initiative-artists-safe-haven-2024-fr\/\" \/>\n<meta property=\"og:site_name\" content=\"Justice &amp; Peace Netherlands\" \/>\n<meta property=\"article:publisher\" content=\"https:\/\/www.facebook.com\/JusticeandPeaceNL\/\" \/>\n<meta property=\"article:published_time\" content=\"2024-02-12T07:59:51+00:00\" \/>\n<meta property=\"article:modified_time\" content=\"2024-02-29T09:55:58+00:00\" \/>\n<meta property=\"og:image\" content=\"https:\/\/justiceandpeace.nl\/wp-content\/uploads\/2024\/02\/Visit-art-academy-students-master-3-scaled.jpeg\" \/>\n\t<meta property=\"og:image:width\" content=\"2560\" \/>\n\t<meta property=\"og:image:height\" content=\"1920\" \/>\n\t<meta property=\"og:image:type\" content=\"image\/jpeg\" \/>\n<meta name=\"author\" content=\"Maranke\" \/>\n<meta name=\"twitter:card\" content=\"summary_large_image\" \/>\n<meta name=\"twitter:title\" content=\"L\u2019initiative Artists\u2019 Safe Haven: Appel \u00e0 candidatures en Septembre 2024\" \/>\n<meta name=\"twitter:description\" content=\"Justice &amp; Peace Netherlands lance un nouvel appel \u00e0 candidatures pour l\u2019initiative Artists\u2019 Safe Haven.La date limite de d\u00e9p\u00f4t des candidatures est le 29 f\u00e9vrier 2024 \u00e0 23:59 CET (heure d\u2019Europe centrale).\" \/>\n<meta name=\"twitter:image\" content=\"https:\/\/justiceandpeace.nl\/wp-content\/uploads\/2024\/02\/Visit-art-academy-students-master-3-scaled.jpeg\" \/>\n<meta name=\"twitter:label1\" content=\"Written by\" \/>\n\t<meta name=\"twitter:data1\" content=\"Maranke\" \/>\n<script type=\"application\/ld+json\" class=\"yoast-schema-graph\">{\"@context\":\"https:\\\/\\\/schema.org\",\"@graph\":[{\"@type\":\"Article\",\"@id\":\"https:\\\/\\\/justiceandpeace.nl\\\/en\\\/initiative-artists-safe-haven-2024-fr\\\/#article\",\"isPartOf\":{\"@id\":\"https:\\\/\\\/justiceandpeace.nl\\\/en\\\/initiative-artists-safe-haven-2024-fr\\\/\"},\"author\":{\"name\":\"Maranke\",\"@id\":\"https:\\\/\\\/justiceandpeace.nl\\\/en\\\/#\\\/schema\\\/person\\\/8b17c366a8d4575402ba5a6b176de9ba\"},\"headline\":\"L\u2019initiative Artists\u2019 Safe Haven: Appel \u00e0 candidatures en Septembre 2024\",\"datePublished\":\"2024-02-12T07:59:51+00:00\",\"dateModified\":\"2024-02-29T09:55:58+00:00\",\"mainEntityOfPage\":{\"@id\":\"https:\\\/\\\/justiceandpeace.nl\\\/en\\\/initiative-artists-safe-haven-2024-fr\\\/\"},\"wordCount\":9,\"commentCount\":0,\"articleSection\":[\"Latest news\"],\"inLanguage\":\"en-US\",\"potentialAction\":[{\"@type\":\"CommentAction\",\"name\":\"Comment\",\"target\":[\"https:\\\/\\\/justiceandpeace.nl\\\/en\\\/initiative-artists-safe-haven-2024-fr\\\/#respond\"]}]},{\"@type\":\"WebPage\",\"@id\":\"https:\\\/\\\/justiceandpeace.nl\\\/en\\\/initiative-artists-safe-haven-2024-fr\\\/\",\"url\":\"https:\\\/\\\/justiceandpeace.nl\\\/en\\\/initiative-artists-safe-haven-2024-fr\\\/\",\"name\":\"L\u2019initiative Artists\u2019 Safe Haven: Appel \u00e0 candidatures en Septembre 2024 - Justice &amp; Peace Netherlands\",\"isPartOf\":{\"@id\":\"https:\\\/\\\/justiceandpeace.nl\\\/en\\\/#website\"},\"datePublished\":\"2024-02-12T07:59:51+00:00\",\"dateModified\":\"2024-02-29T09:55:58+00:00\",\"author\":{\"@id\":\"https:\\\/\\\/justiceandpeace.nl\\\/en\\\/#\\\/schema\\\/person\\\/8b17c366a8d4575402ba5a6b176de9ba\"},\"description\":\"Justice & Peace Netherlands lance un nouvel appel \u00e0 candidatures pour l\u2019initiative Artists\u2019 Safe Haven. La date limite de d\u00e9p\u00f4t des candidatures est le 29 f\u00e9vrier 2024 \u00e0 23:59 CET (heure d\u2019Europe centrale).\",\"breadcrumb\":{\"@id\":\"https:\\\/\\\/justiceandpeace.nl\\\/en\\\/initiative-artists-safe-haven-2024-fr\\\/#breadcrumb\"},\"inLanguage\":\"en-US\",\"potentialAction\":[{\"@type\":\"ReadAction\",\"target\":[\"https:\\\/\\\/justiceandpeace.nl\\\/en\\\/initiative-artists-safe-haven-2024-fr\\\/\"]}]},{\"@type\":\"BreadcrumbList\",\"@id\":\"https:\\\/\\\/justiceandpeace.nl\\\/en\\\/initiative-artists-safe-haven-2024-fr\\\/#breadcrumb\",\"itemListElement\":[{\"@type\":\"ListItem\",\"position\":1,\"name\":\"Home\",\"item\":\"https:\\\/\\\/justiceandpeace.nl\\\/en\\\/\"},{\"@type\":\"ListItem\",\"position\":2,\"name\":\"L\u2019initiative Artists\u2019 Safe Haven: Appel \u00e0 candidatures en Septembre 2024\"}]},{\"@type\":\"WebSite\",\"@id\":\"https:\\\/\\\/justiceandpeace.nl\\\/en\\\/#website\",\"url\":\"https:\\\/\\\/justiceandpeace.nl\\\/en\\\/\",\"name\":\"Justice &amp; Peace Netherlands\",\"description\":\"For more then 50 years Justice &amp; Peace Netherlands has been committed to a just and sustainable world.\",\"potentialAction\":[{\"@type\":\"SearchAction\",\"target\":{\"@type\":\"EntryPoint\",\"urlTemplate\":\"https:\\\/\\\/justiceandpeace.nl\\\/en\\\/?s={search_term_string}\"},\"query-input\":{\"@type\":\"PropertyValueSpecification\",\"valueRequired\":true,\"valueName\":\"search_term_string\"}}],\"inLanguage\":\"en-US\"},{\"@type\":\"Person\",\"@id\":\"https:\\\/\\\/justiceandpeace.nl\\\/en\\\/#\\\/schema\\\/person\\\/8b17c366a8d4575402ba5a6b176de9ba\",\"name\":\"Maranke\",\"image\":{\"@type\":\"ImageObject\",\"inLanguage\":\"en-US\",\"@id\":\"https:\\\/\\\/secure.gravatar.com\\\/avatar\\\/8c62636ac49de1dcbc826fdae6891b817f1fb11110f12e321e0b86f39bf89a74?s=96&d=mm&r=g\",\"url\":\"https:\\\/\\\/secure.gravatar.com\\\/avatar\\\/8c62636ac49de1dcbc826fdae6891b817f1fb11110f12e321e0b86f39bf89a74?s=96&d=mm&r=g\",\"contentUrl\":\"https:\\\/\\\/secure.gravatar.com\\\/avatar\\\/8c62636ac49de1dcbc826fdae6891b817f1fb11110f12e321e0b86f39bf89a74?s=96&d=mm&r=g\",\"caption\":\"Maranke\"},\"url\":\"https:\\\/\\\/justiceandpeace.nl\\\/en\\\/author\\\/maranke\\\/\"}]}<\/script>\n<!-- \/ Yoast SEO plugin. -->","yoast_head_json":{"title":"L\u2019initiative Artists\u2019 Safe Haven: Appel \u00e0 candidatures en Septembre 2024 - Justice &amp; Peace Netherlands","description":"Justice & Peace Netherlands lance un nouvel appel \u00e0 candidatures pour l\u2019initiative Artists\u2019 Safe Haven. La date limite de d\u00e9p\u00f4t des candidatures est le 29 f\u00e9vrier 2024 \u00e0 23:59 CET (heure d\u2019Europe centrale).","robots":{"index":"index","follow":"follow","max-snippet":"max-snippet:-1","max-image-preview":"max-image-preview:large","max-video-preview":"max-video-preview:-1"},"canonical":"https:\/\/justiceandpeace.nl\/en\/initiative-artists-safe-haven-2024-fr\/","og_locale":"en_US","og_type":"article","og_title":"L\u2019initiative Artists\u2019 Safe Haven: Appel \u00e0 candidatures en Septembre 2024","og_description":"Justice & Peace Netherlands lance un nouvel appel \u00e0 candidatures pour l\u2019initiative Artists\u2019 Safe Haven.La date limite de d\u00e9p\u00f4t des candidatures est le 29 f\u00e9vrier 2024 \u00e0 23:59 CET (heure d\u2019Europe centrale).","og_url":"https:\/\/justiceandpeace.nl\/en\/initiative-artists-safe-haven-2024-fr\/","og_site_name":"Justice &amp; Peace Netherlands","article_publisher":"https:\/\/www.facebook.com\/JusticeandPeaceNL\/","article_published_time":"2024-02-12T07:59:51+00:00","article_modified_time":"2024-02-29T09:55:58+00:00","og_image":[{"width":2560,"height":1920,"url":"https:\/\/justiceandpeace.nl\/wp-content\/uploads\/2024\/02\/Visit-art-academy-students-master-3-scaled.jpeg","type":"image\/jpeg"}],"author":"Maranke","twitter_card":"summary_large_image","twitter_title":"L\u2019initiative Artists\u2019 Safe Haven: Appel \u00e0 candidatures en Septembre 2024","twitter_description":"Justice & Peace Netherlands lance un nouvel appel \u00e0 candidatures pour l\u2019initiative Artists\u2019 Safe Haven.La date limite de d\u00e9p\u00f4t des candidatures est le 29 f\u00e9vrier 2024 \u00e0 23:59 CET (heure d\u2019Europe centrale).","twitter_image":"https:\/\/justiceandpeace.nl\/wp-content\/uploads\/2024\/02\/Visit-art-academy-students-master-3-scaled.jpeg","twitter_misc":{"Written by":"Maranke"},"schema":{"@context":"https:\/\/schema.org","@graph":[{"@type":"Article","@id":"https:\/\/justiceandpeace.nl\/en\/initiative-artists-safe-haven-2024-fr\/#article","isPartOf":{"@id":"https:\/\/justiceandpeace.nl\/en\/initiative-artists-safe-haven-2024-fr\/"},"author":{"name":"Maranke","@id":"https:\/\/justiceandpeace.nl\/en\/#\/schema\/person\/8b17c366a8d4575402ba5a6b176de9ba"},"headline":"L\u2019initiative Artists\u2019 Safe Haven: Appel \u00e0 candidatures en Septembre 2024","datePublished":"2024-02-12T07:59:51+00:00","dateModified":"2024-02-29T09:55:58+00:00","mainEntityOfPage":{"@id":"https:\/\/justiceandpeace.nl\/en\/initiative-artists-safe-haven-2024-fr\/"},"wordCount":9,"commentCount":0,"articleSection":["Latest news"],"inLanguage":"en-US","potentialAction":[{"@type":"CommentAction","name":"Comment","target":["https:\/\/justiceandpeace.nl\/en\/initiative-artists-safe-haven-2024-fr\/#respond"]}]},{"@type":"WebPage","@id":"https:\/\/justiceandpeace.nl\/en\/initiative-artists-safe-haven-2024-fr\/","url":"https:\/\/justiceandpeace.nl\/en\/initiative-artists-safe-haven-2024-fr\/","name":"L\u2019initiative Artists\u2019 Safe Haven: Appel \u00e0 candidatures en Septembre 2024 - Justice &amp; Peace Netherlands","isPartOf":{"@id":"https:\/\/justiceandpeace.nl\/en\/#website"},"datePublished":"2024-02-12T07:59:51+00:00","dateModified":"2024-02-29T09:55:58+00:00","author":{"@id":"https:\/\/justiceandpeace.nl\/en\/#\/schema\/person\/8b17c366a8d4575402ba5a6b176de9ba"},"description":"Justice & Peace Netherlands lance un nouvel appel \u00e0 candidatures pour l\u2019initiative Artists\u2019 Safe Haven. La date limite de d\u00e9p\u00f4t des candidatures est le 29 f\u00e9vrier 2024 \u00e0 23:59 CET (heure d\u2019Europe centrale).","breadcrumb":{"@id":"https:\/\/justiceandpeace.nl\/en\/initiative-artists-safe-haven-2024-fr\/#breadcrumb"},"inLanguage":"en-US","potentialAction":[{"@type":"ReadAction","target":["https:\/\/justiceandpeace.nl\/en\/initiative-artists-safe-haven-2024-fr\/"]}]},{"@type":"BreadcrumbList","@id":"https:\/\/justiceandpeace.nl\/en\/initiative-artists-safe-haven-2024-fr\/#breadcrumb","itemListElement":[{"@type":"ListItem","position":1,"name":"Home","item":"https:\/\/justiceandpeace.nl\/en\/"},{"@type":"ListItem","position":2,"name":"L\u2019initiative Artists\u2019 Safe Haven: Appel \u00e0 candidatures en Septembre 2024"}]},{"@type":"WebSite","@id":"https:\/\/justiceandpeace.nl\/en\/#website","url":"https:\/\/justiceandpeace.nl\/en\/","name":"Justice &amp; Peace Netherlands","description":"For more then 50 years Justice &amp; Peace Netherlands has been committed to a just and sustainable world.","potentialAction":[{"@type":"SearchAction","target":{"@type":"EntryPoint","urlTemplate":"https:\/\/justiceandpeace.nl\/en\/?s={search_term_string}"},"query-input":{"@type":"PropertyValueSpecification","valueRequired":true,"valueName":"search_term_string"}}],"inLanguage":"en-US"},{"@type":"Person","@id":"https:\/\/justiceandpeace.nl\/en\/#\/schema\/person\/8b17c366a8d4575402ba5a6b176de9ba","name":"Maranke","image":{"@type":"ImageObject","inLanguage":"en-US","@id":"https:\/\/secure.gravatar.com\/avatar\/8c62636ac49de1dcbc826fdae6891b817f1fb11110f12e321e0b86f39bf89a74?s=96&d=mm&r=g","url":"https:\/\/secure.gravatar.com\/avatar\/8c62636ac49de1dcbc826fdae6891b817f1fb11110f12e321e0b86f39bf89a74?s=96&d=mm&r=g","contentUrl":"https:\/\/secure.gravatar.com\/avatar\/8c62636ac49de1dcbc826fdae6891b817f1fb11110f12e321e0b86f39bf89a74?s=96&d=mm&r=g","caption":"Maranke"},"url":"https:\/\/justiceandpeace.nl\/en\/author\/maranke\/"}]}},"_links":{"self":[{"href":"https:\/\/justiceandpeace.nl\/en\/wp-json\/wp\/v2\/posts\/23230","targetHints":{"allow":["GET"]}}],"collection":[{"href":"https:\/\/justiceandpeace.nl\/en\/wp-json\/wp\/v2\/posts"}],"about":[{"href":"https:\/\/justiceandpeace.nl\/en\/wp-json\/wp\/v2\/types\/post"}],"author":[{"embeddable":true,"href":"https:\/\/justiceandpeace.nl\/en\/wp-json\/wp\/v2\/users\/3"}],"replies":[{"embeddable":true,"href":"https:\/\/justiceandpeace.nl\/en\/wp-json\/wp\/v2\/comments?post=23230"}],"version-history":[{"count":19,"href":"https:\/\/justiceandpeace.nl\/en\/wp-json\/wp\/v2\/posts\/23230\/revisions"}],"predecessor-version":[{"id":23426,"href":"https:\/\/justiceandpeace.nl\/en\/wp-json\/wp\/v2\/posts\/23230\/revisions\/23426"}],"wp:attachment":[{"href":"https:\/\/justiceandpeace.nl\/en\/wp-json\/wp\/v2\/media?parent=23230"}],"wp:term":[{"taxonomy":"category","embeddable":true,"href":"https:\/\/justiceandpeace.nl\/en\/wp-json\/wp\/v2\/categories?post=23230"}],"curies":[{"name":"wp","href":"https:\/\/api.w.org\/{rel}","templated":true}]}}